{"id":243880,"date":"2022-12-29T13:21:40","date_gmt":"2022-12-29T19:21:40","guid":{"rendered":"https:\/\/plazajuarez.mx\/?p=243880"},"modified":"2022-12-29T13:21:46","modified_gmt":"2022-12-29T19:21:46","slug":"amlo_-12","status":"publish","type":"post","link":"https:\/\/plazajuarez.mx\/historico\/amlo_-12\/","title":{"rendered":"AMLO descarta hablar con Biden sobre juicio de Garc\u00eda Luna en EU"},"content":{"rendered":"\n<p> El presidente Andr\u00e9s Manuel L\u00f3pez Obrador descart\u00f3 que en su pr\u00f3ximo encuentro con su hom\u00f3logo de Estados Unidos, Joe Biden, se vaya a hablar sobre el inicio del juicio que enfrentar\u00e1 en Nueva York, Genaro Garc\u00eda Luna, exsecretario de Seguridad P\u00fablica en el sexenio de Felipe Calder\u00f3n y recluido en ese pa\u00eds por presuntos nexos con el narcotr\u00e1fico.<\/p>\n\n\n\n<p>&#8220;Eso es un asunto judicial, ya va a iniciar el juicio a Garc\u00eda Luna en Nueva York y tiene que ver con la justicia en Estados Unidos y son los abogados defensores de Garc\u00eda Luna y quienes lo est\u00e1n acusando de la fiscal\u00eda de Estados Unidos y ya existe un jurado y ya va a empezar el juicio y no es tema en la agenda&#8221;, dijo.<\/p>\n\n\n\n<p>En conferencia de prensa, el jefe del Ejecutivo federal indic\u00f3 que previo a su reuni\u00f3n en Palacio Nacional, quiere enviarle una carta a Joe Biden para darle a conocer los puntos que desea tratar con \u00e9l, entre ellos, la oportunidad de integraci\u00f3n econ\u00f3mica en toda Am\u00e9rica sin excluir a ning\u00fan pa\u00eds.<\/p>\n\n\n\n<p>&#8220;Yo quiero enviarle una carta antes para darle a conocer los puntos que deseo tratar. Se va a informar ampliamente sobre acuerdos y es la oportunidad para iniciar una nueva etapa y de la relaci\u00f3n de pueblos y gobiernos de Am\u00e9rica Latina&#8221;, indic\u00f3.<\/p>\n","protected":false},"excerpt":{"rendered":"<p>El presidente Andr\u00e9s Manuel L\u00f3pez Obrador descart\u00f3 que en su pr\u00f3ximo encuentro con su hom\u00f3logo de Estados Unidos, Joe Biden, se vaya a hablar sobre el inicio del juicio que enfrentar\u00e1 en Nueva York, Genaro Garc\u00eda Luna, exsecretario de Seguridad P\u00fablica en el sexenio de Felipe Calder\u00f3n y recluido en ese pa\u00eds por presuntos nexos [&hellip;]<\/p>\n","protected":false},"author":81,"featured_media":243881,"comment_status":"closed","ping_status":"closed","sticky":false,"template":"","format":"standard","meta":{"footnotes":""},"categories":[15,36],"tags":[],"class_list":["post-243880","post","type-post","status-publish","format-standard","has-post-thumbnail","hentry","category-destacadas","category-nacion"],"_links":{"self":[{"href":"https:\/\/plazajuarez.mx\/historico\/wp-json\/wp\/v2\/posts\/243880","targetHints":{"allow":["GET"]}}],"collection":[{"href":"https:\/\/plazajuarez.mx\/historico\/wp-json\/wp\/v2\/posts"}],"about":[{"href":"https:\/\/plazajuarez.mx\/historico\/wp-json\/wp\/v2\/types\/post"}],"author":[{"embeddable":true,"href":"https:\/\/plazajuarez.mx\/historico\/wp-json\/wp\/v2\/users\/81"}],"replies":[{"embeddable":true,"href":"https:\/\/plazajuarez.mx\/historico\/wp-json\/wp\/v2\/comments?post=243880"}],"version-history":[{"count":0,"href":"https:\/\/plazajuarez.mx\/historico\/wp-json\/wp\/v2\/posts\/243880\/revisions"}],"wp:featuredmedia":[{"embeddable":true,"href":"https:\/\/plazajuarez.mx\/historico\/wp-json\/wp\/v2\/media\/243881"}],"wp:attachment":[{"href":"https:\/\/plazajuarez.mx\/historico\/wp-json\/wp\/v2\/media?parent=243880"}],"wp:term":[{"taxonomy":"category","embeddable":true,"href":"https:\/\/plazajuarez.mx\/historico\/wp-json\/wp\/v2\/categories?post=243880"},{"taxonomy":"post_tag","embeddable":true,"href":"https:\/\/plazajuarez.mx\/historico\/wp-json\/wp\/v2\/tags?post=243880"}],"curies":[{"name":"wp","href":"https:\/\/api.w.org\/{rel}","templated":true}]}}