{"id":243877,"date":"2022-12-29T12:52:39","date_gmt":"2022-12-29T18:52:39","guid":{"rendered":"https:\/\/plazajuarez.mx\/?p=243877"},"modified":"2022-12-29T12:52:46","modified_gmt":"2022-12-29T18:52:46","slug":"atraparon-a-dos-con-un-fusil-de-asalto-y-15-cargadores-calibre-223","status":"publish","type":"post","link":"https:\/\/plazajuarez.mx\/historico\/atraparon-a-dos-con-un-fusil-de-asalto-y-15-cargadores-calibre-223\/","title":{"rendered":"Atraparon a dos con un fusil de asalto y 15 cargadores calibre .223"},"content":{"rendered":"\n<p>Dos personas fueron detenidas con un arma de fuego horas despu\u00e9s de haberse robado un veh\u00edculo en el fraccionamiento la colonia por polic\u00edas de&nbsp; Mineral de la Reforma.<\/p>\n\n\n\n<p>Derivado de un reporte al C5 donde un ciudadano&nbsp; solicitaban apoyo ya que le habian robado su veh\u00edculo luccino dos masculinos, elementos municipales implementaron un operativo de b\u00fasqueda y lo localizaron a la altura del fraccionamiento don Pablo, cuando sal\u00eda por la lateral el veh\u00edculo que coincid\u00eda con las caracter\u00edsticas descritas.<\/p>\n\n\n\n<p>De manera inmediata los uniformados municipales solicitaron al conductor que detuviera su marcha identific\u00e1ndose como efectivos policiales y posteriormente le indicaron el motivo de la intervenci\u00f3n, al momento de la revisi\u00f3n al interior del veh\u00edculo fue localizado un fusil de asalto, un cartucho y quince cargadores .223, por lo que se procedi\u00f3 a su aseguramiento.<\/p>\n\n\n\n<p>Los guardianes de la ley indicaron que al momento de verificar el n\u00famero de serie del veh\u00edculo que tripulaban, el estatus arrojo qu\u00e9 cuenta con reporte positivo de robo perpetrado el d\u00eda 24 de diciembre del a\u00f1o en curso.<\/p>\n\n\n\n<p>Luego de su aseguramiento, los dos individuos dieron a conocer a los oficiales municipales, qu\u00e9 responden a los nombres de A.I.L.M de 34 a\u00f1os de edad y A.V.E de 36, ambos coincidieron en ser originarios de Pachuca.<\/p>\n\n\n\n<p>Por ello se procedi\u00f3 al aseguramiento del veh\u00edculo, Nissan Luccino, color rojo, modelo 2000.<\/p>\n\n\n\n<p>Finalmente los dos detenidos junto con el fusil de asalto que se decomiso, los cartuchos y los cargadores fueron puestos a disposici\u00f3n de la autoridad competente, para las actuaciones en consecuencia.<\/p>\n","protected":false},"excerpt":{"rendered":"<p>Dos personas fueron detenidas con un arma de fuego horas despu\u00e9s de haberse robado un veh\u00edculo en el fraccionamiento la colonia por polic\u00edas de&nbsp; Mineral de la Reforma. Derivado de un reporte al C5 donde un ciudadano&nbsp; solicitaban apoyo ya que le habian robado su veh\u00edculo luccino dos masculinos, elementos municipales implementaron un operativo de [&hellip;]<\/p>\n","protected":false},"author":93,"featured_media":243878,"comment_status":"closed","ping_status":"closed","sticky":false,"template":"","format":"standard","meta":{"footnotes":""},"categories":[37,15],"tags":[],"class_list":["post-243877","post","type-post","status-publish","format-standard","has-post-thumbnail","hentry","category-barandilla","category-destacadas"],"_links":{"self":[{"href":"https:\/\/plazajuarez.mx\/historico\/wp-json\/wp\/v2\/posts\/243877","targetHints":{"allow":["GET"]}}],"collection":[{"href":"https:\/\/plazajuarez.mx\/historico\/wp-json\/wp\/v2\/posts"}],"about":[{"href":"https:\/\/plazajuarez.mx\/historico\/wp-json\/wp\/v2\/types\/post"}],"author":[{"embeddable":true,"href":"https:\/\/plazajuarez.mx\/historico\/wp-json\/wp\/v2\/users\/93"}],"replies":[{"embeddable":true,"href":"https:\/\/plazajuarez.mx\/historico\/wp-json\/wp\/v2\/comments?post=243877"}],"version-history":[{"count":0,"href":"https:\/\/plazajuarez.mx\/historico\/wp-json\/wp\/v2\/posts\/243877\/revisions"}],"wp:featuredmedia":[{"embeddable":true,"href":"https:\/\/plazajuarez.mx\/historico\/wp-json\/wp\/v2\/media\/243878"}],"wp:attachment":[{"href":"https:\/\/plazajuarez.mx\/historico\/wp-json\/wp\/v2\/media?parent=243877"}],"wp:term":[{"taxonomy":"category","embeddable":true,"href":"https:\/\/plazajuarez.mx\/historico\/wp-json\/wp\/v2\/categories?post=243877"},{"taxonomy":"post_tag","embeddable":true,"href":"https:\/\/plazajuarez.mx\/historico\/wp-json\/wp\/v2\/tags?post=243877"}],"curies":[{"name":"wp","href":"https:\/\/api.w.org\/{rel}","templated":true}]}}