{"id":243869,"date":"2022-12-29T11:52:48","date_gmt":"2022-12-29T17:52:48","guid":{"rendered":"https:\/\/plazajuarez.mx\/?p=243869"},"modified":"2022-12-29T11:52:54","modified_gmt":"2022-12-29T17:52:54","slug":"beatriz-gutierrez-muller-representara-a-amlo-en-toma-de-posesion-de-lula","status":"publish","type":"post","link":"https:\/\/plazajuarez.mx\/historico\/beatriz-gutierrez-muller-representara-a-amlo-en-toma-de-posesion-de-lula\/","title":{"rendered":"Beatriz Guti\u00e9rrez M\u00fcller representar\u00e1 a AMLO en toma de posesi\u00f3n de Lula"},"content":{"rendered":"\n<p>El presidente de M\u00e9xico, Andr\u00e9s Manuel L\u00f3pez Obrador, anunci\u00f3 este jueves que su esposa, la historiadora Beatriz Guti\u00e9rrez M\u00fcller, acudir\u00e1 en su representaci\u00f3n a la toma de posesi\u00f3n de Luiz In\u00e1cio Lula da Silva como presidente de Brasil el pr\u00f3ximo 1 de enero.<\/p>\n\n\n\n<p>\u201cHoy sale Beatriz, mi esposa, me va a representar en la toma de posesi\u00f3n del presidente Lula en Brasilia, va a ser el d\u00eda primero, iniciando 2023\u201d, precis\u00f3 el mandatario sobre su mujer, quien rechaza el t\u00edtulo de primera dama, durante su rueda de prensa matutina desde el Palacio Nacional.<\/p>\n\n\n\n<p>El mandatario, quien es renuente a viajar al exterior, describi\u00f3 a Lula como \u201cuna bendici\u00f3n\u201d para el pueblo de Brasil y asegur\u00f3 que durante el nuevo mandato del brasile\u00f1o habr\u00e1 \u201cigualdad y alegr\u00eda\u201d en aquel pa\u00eds.<\/p>\n\n\n\n<p>\u201cSostengo lo que dije cuando estuvo por ac\u00e1 el presidente electo, pienso que Lula es una bendici\u00f3n para el pueblo de Brasil, va a haber en Brasil igualdad y alegr\u00eda con Lula\u201d, afirm\u00f3.<\/p>\n\n\n\n<p>Para la toma de posesi\u00f3n de Lula se espera la visita de al menos 17 jefes de Estado y de Gobierno. Entre otros, figuran el rey Felipe VI de Espa\u00f1a y los l\u00edderes de Bolivia, Colombia, Chile, Ecuador, Paraguay, Uruguay y los presidentes de Alemania y Portugal.<\/p>\n\n\n\n<p>Lula es presidente electo de Brasil desde que en la segunda vuelta de las elecciones de 2022 venci\u00f3 al presidente titular, Jair Bolsonaro, lo que le convierte en el primero en ser elegido tres veces para este cargo en la historia de ese pa\u00eds.<\/p>\n\n\n\n<p>El pol\u00edtico brasile\u00f1o visit\u00f3 M\u00e9xico en marzo pasado, cuando se reuni\u00f3 con L\u00f3pez Obrador, quien en 2021 celebr\u00f3 la anulaci\u00f3n de las penas de c\u00e1rcel que pesaban contra el exmandatario brasile\u00f1o tras haber recibido condenas que sumaban casi 26 a\u00f1os de c\u00e1rcel por corrupci\u00f3n en 2017.<\/p>\n","protected":false},"excerpt":{"rendered":"<p>El presidente de M\u00e9xico, Andr\u00e9s Manuel L\u00f3pez Obrador, anunci\u00f3 este jueves que su esposa, la historiadora Beatriz Guti\u00e9rrez M\u00fcller, acudir\u00e1 en su representaci\u00f3n a la toma de posesi\u00f3n de Luiz In\u00e1cio Lula da Silva como presidente de Brasil el pr\u00f3ximo 1 de enero. \u201cHoy sale Beatriz, mi esposa, me va a representar en la toma [&hellip;]<\/p>\n","protected":false},"author":80,"featured_media":243870,"comment_status":"closed","ping_status":"closed","sticky":false,"template":"","format":"standard","meta":{"footnotes":""},"categories":[15,36],"tags":[],"class_list":["post-243869","post","type-post","status-publish","format-standard","has-post-thumbnail","hentry","category-destacadas","category-nacion"],"_links":{"self":[{"href":"https:\/\/plazajuarez.mx\/historico\/wp-json\/wp\/v2\/posts\/243869","targetHints":{"allow":["GET"]}}],"collection":[{"href":"https:\/\/plazajuarez.mx\/historico\/wp-json\/wp\/v2\/posts"}],"about":[{"href":"https:\/\/plazajuarez.mx\/historico\/wp-json\/wp\/v2\/types\/post"}],"author":[{"embeddable":true,"href":"https:\/\/plazajuarez.mx\/historico\/wp-json\/wp\/v2\/users\/80"}],"replies":[{"embeddable":true,"href":"https:\/\/plazajuarez.mx\/historico\/wp-json\/wp\/v2\/comments?post=243869"}],"version-history":[{"count":0,"href":"https:\/\/plazajuarez.mx\/historico\/wp-json\/wp\/v2\/posts\/243869\/revisions"}],"wp:featuredmedia":[{"embeddable":true,"href":"https:\/\/plazajuarez.mx\/historico\/wp-json\/wp\/v2\/media\/243870"}],"wp:attachment":[{"href":"https:\/\/plazajuarez.mx\/historico\/wp-json\/wp\/v2\/media?parent=243869"}],"wp:term":[{"taxonomy":"category","embeddable":true,"href":"https:\/\/plazajuarez.mx\/historico\/wp-json\/wp\/v2\/categories?post=243869"},{"taxonomy":"post_tag","embeddable":true,"href":"https:\/\/plazajuarez.mx\/historico\/wp-json\/wp\/v2\/tags?post=243869"}],"curies":[{"name":"wp","href":"https:\/\/api.w.org\/{rel}","templated":true}]}}