{"id":24386,"date":"2016-07-08T12:35:37","date_gmt":"2016-07-08T12:35:37","guid":{"rendered":"http:\/\/plazajuarez.mx\/index\/index.php\/2016\/07\/08\/invade-carril-y-choca-contra-vehiculo\/"},"modified":"2016-07-08T12:35:37","modified_gmt":"2016-07-08T12:35:37","slug":"invade-carril-y-choca-contra-vehiculo","status":"publish","type":"post","link":"https:\/\/plazajuarez.mx\/historico\/invade-carril-y-choca-contra-vehiculo\/","title":{"rendered":"INVADE CARRIL Y CHOCA CONTRA VEH\u00cdCULO"},"content":{"rendered":"<p>VERACRUZ <\/p>\n<p>  <!--more-->  <\/p>\n<p>El autob\u00fas marcado con el n\u00famero 254, realizaba un viaje especial con 70 personas; cuando el chofer del cami\u00f3n invadi\u00f3 carril contrario en una curva y choc\u00f3 de frente contra un veh\u00edculo Nissan Tsuru con profesores<br \/>Autoridades de Protecci\u00f3n Civil de Veracruz elevaron a 73 el n\u00famero de personas heridas por el choque de frente entre un autob\u00fas de pasajeros y un veh\u00edculo particular ocurrido la ma\u00f1ana de este jueves en la zona monta\u00f1osa central de Veracruz.<br \/>El fuerte impacto automovil\u00edstico ocurri\u00f3 en la carretera estatal San Rafael Caleria\u2013El Baj\u00edo del municipio de C\u00f3rdoba, donde resultaron 73 personas lesionadas, inform\u00f3 la Secretar\u00eda de Protecci\u00f3n Civil estatal.<br \/>Se trat\u00f3 del autob\u00fas marcado con el n\u00famero 254, el cual realizaba un viaje especial con 70 personas a bordo provenientes de la comunidad de Loma Grande con destino hacia la comunidad de San Rafael Caler\u00eda, donde recibir\u00edan el apoyo del programa Prospera.<br \/>Testigos dijeron que el chofer del cami\u00f3n invadi\u00f3 carril contrario en una curva y choc\u00f3 de frente contra un veh\u00edculo Nissan Tsuru donde viajaban cuatro profesores de una escuela primaria. Tras el choque, el conductor del autob\u00fas perdi\u00f3 el control y termin\u00f3 volc\u00e1ndose en un barranco.<br \/>Al lugar, se trasladaron ambulancias, bomberos y agrupaciones para rescatar a las personas que se encontraban atrapadas, as\u00ed como brindar pronta atenci\u00f3n m\u00e9dica a las decenas de lesionados.<br \/>Los lesionados fueron trasladados a diversos nosocomios para recibir la atenci\u00f3n m\u00e9dica necesaria; se conoce que 54 fueron ingresados al Hospital Covadonga de C\u00f3rdoba, 14 al Covadonga de Orizaba y cinco m\u00e1s al General de C\u00f3rdoba.<br \/>No se registraron personas fallecidas durante el accidente carretero.<\/p>\n","protected":false},"excerpt":{"rendered":"<p>VERACRUZ<\/p>\n","protected":false},"author":93,"featured_media":0,"comment_status":"open","ping_status":"open","sticky":false,"template":"","format":"standard","meta":{"footnotes":""},"categories":[37],"tags":[],"class_list":["post-24386","post","type-post","status-publish","format-standard","hentry","category-barandilla"],"_links":{"self":[{"href":"https:\/\/plazajuarez.mx\/historico\/wp-json\/wp\/v2\/posts\/24386","targetHints":{"allow":["GET"]}}],"collection":[{"href":"https:\/\/plazajuarez.mx\/historico\/wp-json\/wp\/v2\/posts"}],"about":[{"href":"https:\/\/plazajuarez.mx\/historico\/wp-json\/wp\/v2\/types\/post"}],"author":[{"embeddable":true,"href":"https:\/\/plazajuarez.mx\/historico\/wp-json\/wp\/v2\/users\/93"}],"replies":[{"embeddable":true,"href":"https:\/\/plazajuarez.mx\/historico\/wp-json\/wp\/v2\/comments?post=24386"}],"version-history":[{"count":0,"href":"https:\/\/plazajuarez.mx\/historico\/wp-json\/wp\/v2\/posts\/24386\/revisions"}],"wp:attachment":[{"href":"https:\/\/plazajuarez.mx\/historico\/wp-json\/wp\/v2\/media?parent=24386"}],"wp:term":[{"taxonomy":"category","embeddable":true,"href":"https:\/\/plazajuarez.mx\/historico\/wp-json\/wp\/v2\/categories?post=24386"},{"taxonomy":"post_tag","embeddable":true,"href":"https:\/\/plazajuarez.mx\/historico\/wp-json\/wp\/v2\/tags?post=24386"}],"curies":[{"name":"wp","href":"https:\/\/api.w.org\/{rel}","templated":true}]}}