{"id":24384,"date":"2016-07-08T12:33:20","date_gmt":"2016-07-08T12:33:20","guid":{"rendered":"http:\/\/plazajuarez.mx\/index\/index.php\/2016\/07\/08\/activan-obra-de-infraestructura-educativa\/"},"modified":"2016-07-08T12:33:20","modified_gmt":"2016-07-08T12:33:20","slug":"activan-obra-de-infraestructura-educativa","status":"publish","type":"post","link":"https:\/\/plazajuarez.mx\/historico\/activan-obra-de-infraestructura-educativa\/","title":{"rendered":"Activan obra de infraestructura educativa"},"content":{"rendered":"<p>Tulancingo <br \/>\u25cf\u00a0\u00a0\u00a0 Edificaci\u00f3n de aulas, anexos educativos y auditorio de usos m\u00faltiples; con una inversi\u00f3n superior a 2.6 millones de pesos <\/p>\n<p>  <!--more-->  <\/p>\n<p>El alcalde, Julio Soto, dar\u00e1 banderazos de inicio de obras que beneficiar\u00e1n al sector educativo municipal. La inversi\u00f3n que se aplicar\u00e1 en estas obras supera los 2 millones 600 mil pesos, con aplicaci\u00f3n de recursos del Programa FAIMS y del Fondo para el fortalecimiento de la infraestructura estatal y municipal.<\/p>\n<p>Esta agenda de inicios de obra comenz\u00f3 ayer en la escuela Primaria Juan Escutia (de la colonia San Juan El Banco); en este punto ser\u00e1 edificada un aula de 6&#215;8 en una superficie de 74.88\u00a0 metros cuadrados, en el que se aplicar\u00e1 una inversi\u00f3n de 335 mil\u00a0 pesos.<\/p>\n<p>Se han planteado diversas metas como: labores preliminares, cimentaci\u00f3n, estructura, alba\u00f1iler\u00eda, acabados, canceler\u00eda, instalaci\u00f3n el\u00e9ctrica y obra exterior.<\/p>\n<p>Posteriormente, dio inicio a la construcci\u00f3n de aula educativa en la Primaria Narciso Mendoza, en la localidad de Laguna del Cerrito; con una inversi\u00f3n de 334 mil 553 pesos y beneficiar\u00e1 el fortalecimiento educativo en la comunidad.<\/p>\n<p>Despu\u00e9s realiz\u00f3 el inicio oficial de obra para la construcci\u00f3n de un anexo educativo en la escuela Jard\u00edn de Ni\u00f1os \u201cGabriela Mistral\u201d, en la localidad de Sultepec.<\/p>\n<p>Para este viernes se iniciar\u00e1n actividades de inicio de obra en la primaria \u201cH\u00e9roes de Chapultepec\u201d en la colonia Huapalcalco; en este plantel se edificar\u00e1n 2 aulas educativas con inversi\u00f3n que supera los 588 mil pesos; as\u00ed como el inicio de la construcci\u00f3n de la primera etapa de un\u00a0 auditorio de usos\u00a0 m\u00faltiples en la Escuela Secundaria General No. 1 licenciado \u201cBenito Ju\u00e1rez\u201d.<\/p>\n<p>Este paquete de obras corresponde al ejercicio 2016 y los recursos fueron gestionados por el Alcalde ante la Federaci\u00f3n y el estado, con el objetivo de dignificar la infraestructura educativa local y abonar a una mejor calidad en la formaci\u00f3n de nuevas generaciones de educandos.<\/p>\n","protected":false},"excerpt":{"rendered":"<p>Tulancingo \u25cf\u00a0\u00a0\u00a0 Edificaci\u00f3n de aulas, anexos educativos y auditorio de usos m\u00faltiples; con una inversi\u00f3n superior a 2.6 millones de pesos<\/p>\n","protected":false},"author":93,"featured_media":0,"comment_status":"open","ping_status":"open","sticky":false,"template":"","format":"standard","meta":{"footnotes":""},"categories":[40],"tags":[],"class_list":["post-24384","post","type-post","status-publish","format-standard","hentry","category-region"],"_links":{"self":[{"href":"https:\/\/plazajuarez.mx\/historico\/wp-json\/wp\/v2\/posts\/24384","targetHints":{"allow":["GET"]}}],"collection":[{"href":"https:\/\/plazajuarez.mx\/historico\/wp-json\/wp\/v2\/posts"}],"about":[{"href":"https:\/\/plazajuarez.mx\/historico\/wp-json\/wp\/v2\/types\/post"}],"author":[{"embeddable":true,"href":"https:\/\/plazajuarez.mx\/historico\/wp-json\/wp\/v2\/users\/93"}],"replies":[{"embeddable":true,"href":"https:\/\/plazajuarez.mx\/historico\/wp-json\/wp\/v2\/comments?post=24384"}],"version-history":[{"count":0,"href":"https:\/\/plazajuarez.mx\/historico\/wp-json\/wp\/v2\/posts\/24384\/revisions"}],"wp:attachment":[{"href":"https:\/\/plazajuarez.mx\/historico\/wp-json\/wp\/v2\/media?parent=24384"}],"wp:term":[{"taxonomy":"category","embeddable":true,"href":"https:\/\/plazajuarez.mx\/historico\/wp-json\/wp\/v2\/categories?post=24384"},{"taxonomy":"post_tag","embeddable":true,"href":"https:\/\/plazajuarez.mx\/historico\/wp-json\/wp\/v2\/tags?post=24384"}],"curies":[{"name":"wp","href":"https:\/\/api.w.org\/{rel}","templated":true}]}}