{"id":24383,"date":"2016-07-08T12:33:00","date_gmt":"2016-07-08T12:33:00","guid":{"rendered":"http:\/\/plazajuarez.mx\/index\/index.php\/2016\/07\/08\/inicia-la-construccion-de-la-carretera-principal-al-eco-parque\/"},"modified":"2016-07-08T12:33:00","modified_gmt":"2016-07-08T12:33:00","slug":"inicia-la-construccion-de-la-carretera-principal-al-eco-parque","status":"publish","type":"post","link":"https:\/\/plazajuarez.mx\/historico\/inicia-la-construccion-de-la-carretera-principal-al-eco-parque\/","title":{"rendered":"Inicia la construcci\u00f3n de la carretera principal al \u201cEco parque\u201d"},"content":{"rendered":"<p>Tizayuca <\/p>\n<p>  <!--more-->  <\/p>\n<p>Ya se trabaja en la remodelaci\u00f3n de la calle Francisco I. Madero, que por mucho tiempo permaneci\u00f3 sin arreglo y en tiempos de lluvias era dif\u00edcil el acceso a pie. S\u00f3lo en autom\u00f3vil se pod\u00eda llegar. <br \/>Inundaciones, calles y terrenos sin construcci\u00f3n, se levantaban polvaredas que afectan la salud de sus habitantes, eran las consecuencias del mal estado de dicha calle. <br \/>Afortunadamente ya no tendr\u00e1n este problema, ya que 1.7 kil\u00f3metros ser\u00e1n construidos de carretera con pavimentaci\u00f3n asf\u00e1ltica hidr\u00e1ulica, material que les permitir\u00e1 tener una duraci\u00f3n de 30 a 40 a\u00f1os. <br \/>Tizayuca <br \/>Abogados y postulantes reciben <br \/>pl\u00e1tica acerca de reformas<br \/>Lourdes Nicte-Ha Mart\u00ednez Guti\u00e9rrez <br \/>La universidad INECUH realiza un ciclo de conferencias en el marco de la conmemoraci\u00f3n del \u201cd\u00eda del abogado\u201d.<br \/>La pl\u00e1tica se llev\u00f3 a cabo con el tema \u201clas reformas al c\u00f3digo de procedimientos civiles para el estado de Hidalgo\u201d, publicadas el 27 de junio.<br \/>Impartida por Sa\u00fal Ferman Guerrero, quien explic\u00f3 que las recientes reformas al C\u00f3digo de Procedimientos Civiles aprobadas por el Congreso del Estado a iniciativa del Presidente del Tribunal, Juan Manuel Menes Llaguno, tienen por objeto hacer m\u00e1s eficaz la labor de los actuarios y reducir tiempos en las notificaciones y dem\u00e1s comunicaciones procesales durante un juicio civil. Asimismo, deja puerta abierta a la pr\u00f3xima Central de Actuarios.<br \/>La pl\u00e1tica se dio el pasado martes, con la participaci\u00f3n de estudiantes, abogados postulantes y p\u00fablico interesado en conocer las reformas. <br \/>Hoy y ma\u00f1ana habr\u00e1 dos conferencias m\u00e1s. Los temas ser\u00e1n \u201cReformas a la ley de amparo penal\u201d, a las 17:00 horas, y \u201cT\u00e9cnicas de litigaci\u00f3n en el nuevo Sistema de Justicia Penal\u201d, a las 9:00 horas. Las conferencias ser\u00e1n impartidas por Alberto del Castillo del Valle y por Miguel Antonio Guti\u00e9rrez G\u00fbereca.<\/p>\n<p><\/p>\n","protected":false},"excerpt":{"rendered":"<p>Tizayuca<\/p>\n","protected":false},"author":93,"featured_media":0,"comment_status":"open","ping_status":"open","sticky":false,"template":"","format":"standard","meta":{"footnotes":""},"categories":[40],"tags":[],"class_list":["post-24383","post","type-post","status-publish","format-standard","hentry","category-region"],"_links":{"self":[{"href":"https:\/\/plazajuarez.mx\/historico\/wp-json\/wp\/v2\/posts\/24383","targetHints":{"allow":["GET"]}}],"collection":[{"href":"https:\/\/plazajuarez.mx\/historico\/wp-json\/wp\/v2\/posts"}],"about":[{"href":"https:\/\/plazajuarez.mx\/historico\/wp-json\/wp\/v2\/types\/post"}],"author":[{"embeddable":true,"href":"https:\/\/plazajuarez.mx\/historico\/wp-json\/wp\/v2\/users\/93"}],"replies":[{"embeddable":true,"href":"https:\/\/plazajuarez.mx\/historico\/wp-json\/wp\/v2\/comments?post=24383"}],"version-history":[{"count":0,"href":"https:\/\/plazajuarez.mx\/historico\/wp-json\/wp\/v2\/posts\/24383\/revisions"}],"wp:attachment":[{"href":"https:\/\/plazajuarez.mx\/historico\/wp-json\/wp\/v2\/media?parent=24383"}],"wp:term":[{"taxonomy":"category","embeddable":true,"href":"https:\/\/plazajuarez.mx\/historico\/wp-json\/wp\/v2\/categories?post=24383"},{"taxonomy":"post_tag","embeddable":true,"href":"https:\/\/plazajuarez.mx\/historico\/wp-json\/wp\/v2\/tags?post=24383"}],"curies":[{"name":"wp","href":"https:\/\/api.w.org\/{rel}","templated":true}]}}