{"id":243826,"date":"2022-12-29T08:56:40","date_gmt":"2022-12-29T14:56:40","guid":{"rendered":"https:\/\/plazajuarez.mx\/?p=243826"},"modified":"2022-12-29T08:56:50","modified_gmt":"2022-12-29T14:56:50","slug":"gracias-totales","status":"publish","type":"post","link":"https:\/\/plazajuarez.mx\/historico\/gracias-totales\/","title":{"rendered":"Gracias, totales"},"content":{"rendered":"\n<h2 class=\"wp-block-heading\"><em>Letras y Memorias<\/em><\/h2>\n\n\n\n<p>Hace ya un buen rato, una aventura inici\u00f3 no s\u00f3lo en estas memorias o letras, sino en las murallas de un castillo de color sutil que abri\u00f3 sus puertas a quien hoy les escribe.<\/p>\n\n\n\n<p>Con todo el \u00e1nimo del mundo, los pies atravesaron ese port\u00f3n custodiado en aquel d\u00eda por don Lalo, vigilante de la redacci\u00f3n y amigo de quienes salen de vez en vez a fumar con \u00e9l, o a compartir an\u00e9cdotas y chistes en los ratos de tiempo libre.<\/p>\n\n\n\n<p>Sumado a ese semblante medio serio, lleg\u00f3 el momento de hacer papeleo y conocer al jefe, un buen sujeto que revisando a detalle el curr\u00edculum, dio la bienvenida a un joven inexperto, pero dispuesto a aprender. As\u00ed, con el poli Lalo y un saludo del se\u00f1or Mart\u00edn, fue que inici\u00f3 el viaje que hace unos d\u00edas, lleg\u00f3 a su fin, o a su pausa, como el destino lo quiera ver.&nbsp;<\/p>\n\n\n\n<p>Karla y Luis Carlos me mostraron el escritorio donde iba a desempe\u00f1arme, y en una primera noche luego del descanso por el D\u00eda del Trabajo, me un\u00ed a esa hermandad, cuya misi\u00f3n era, siempre, escribir La Historia de Cada D\u00eda. Naturalmente conoc\u00ed a m\u00e1s personas, todas ellas con sue\u00f1os, pasados y anhelos propios de quienes rondan en los veintitantos o los treinta y algos, todos camaradas de letras, notas, copas o cigarros.&nbsp;<\/p>\n\n\n\n<p>Cuando llegu\u00e9 a ese castillo de amarillas murallas y pinos clavados resguardando la fuente, hab\u00eda m\u00e1s personas de las que hoy quedan; Julio, Diana y Manuel eran los encargados de armar el rompecabezas diario, y de manera particular, el joven Manuel tiene mi gratitud y respeto, pues todo lo que a la postre supe sobre ser un editor, lo aprend\u00ed en buena medida con \u00e9l.&nbsp;<\/p>\n\n\n\n<p>La primera l\u00ednea informativa estaba compuesta por Oscar, Anita, Consuelo, Beto y Carlos, y aunque unos se fueron, otros m\u00e1s llegaron para plasmar su particular visi\u00f3n de la ciudad en las p\u00e1ginas de nuestro diario. Las fotos corr\u00edan a cargo de Ale y Dami\u00e1n, y posteriormente fue Brenda quien inund\u00f3 de escenas brillantes las planas coloridas del peri\u00f3dico.&nbsp;<\/p>\n\n\n\n<p>Los cigarros los compart\u00eda con Lalo, el delgado y barbado sujeto\u2026 Ese espacio, junto a la banca y cerca de la fuente que tanto disfruta ver el se\u00f1or Javier, era el punto de reuni\u00f3n cuando los periodistas ped\u00edan un tiempo fuera, tiempo al que se un\u00edan Mabel, Vianey y el buen Armando. Con el paso de los meses, Mabel nos dej\u00f3 pero Emmanuel lleg\u00f3, gran tipo, muy apreciado amigo hasta el d\u00eda de hoy. La espera de mi turno de salida, siempre fue amena gracias a la compa\u00f1\u00eda de Lau, a quien, a pesar de la distancia, le sigo amando y agradeciendo por los caf\u00e9s que dejaba en mi escritorio y las canciones que me mostraba en los tiempos libres.&nbsp;<\/p>\n\n\n\n<p>Abajo, con los reporteros, salieron \u201cde cambio\u201d Luis Carlos y Consuelo, pero permaneci\u00f3 esa trinidad que dejaba relatos los domingos para balancear la carga informativa; despu\u00e9s lleg\u00f3 Kari y las cr\u00f3nicas cobraron otro color.&nbsp;<\/p>\n\n\n\n<p>Algunos de los veteranos, como Rub\u00e9n o Crist\u00f3bal, de vez en cuando se adher\u00edan a esa ola juvenil que ten\u00eda nuestra redacci\u00f3n, ola que cobraba frescura gracias al gusto, el placer, el agasajo, que pon\u00eda en el ambiente el vozarr\u00f3n de To\u00f1o.&nbsp;<\/p>\n\n\n\n<p>Y es que, ver caras llegar y otras irse, resulta complicado cuando el mundo sigue su marcha, cuando la vida pasa y nadie se escapa de ello. Es por eso que estas l\u00edneas de este p\u00e1rrafo, en este texto, van dedicadas a la gente que estuvo y se fue, que aguant\u00f3 hasta donde el esp\u00edritu permiti\u00f3, y \u201cvol\u00f3\u201d. De todos ellos, se aprende siempre algo.&nbsp;<\/p>\n\n\n\n<p>La vida fue muy noble cuando permiti\u00f3 que a esas murallas que sent\u00eda m\u00edas, llegaran las ocurrencias de Mart\u00edn en d\u00edas de cierre, las fotos y compa\u00f1\u00eda de la se\u00f1orita Aylin, y las an\u00e9cdotas tr\u00e1gicas de Dulce, la reina de los apodos en la oficina. La vida fue igualmente noble cuando do\u00f1a Moni decidi\u00f3 apoyarme a cuidar de mis plantas agonizantes, y cuando a modo de cotorreo, el se\u00f1or Javier&nbsp; y yo discutimos sobre m\u00fasica y medio habl\u00e1bamos las frases que recordaba de mis lecciones de alem\u00e1n.&nbsp;<\/p>\n\n\n\n<p>Vaya que, ahora que lo pienso, los \u00faltimos cuatro a\u00f1os y siete meses, fueron una monta\u00f1a rusa, una de esas donde incluso las bajadas prolongadas que se sienten mortales, llenan el cuerpo de vida, de alegr\u00eda. Este \u00faltimo tiempo ac\u00e1, con ellos, con ustedes, signific\u00f3 tanto que temo justo ahora, olvidar alg\u00fan detalle o recuerdo, as\u00ed que apelo a la memoria inmediata para atesorar los rostros que hoy quedan, las voces de todos, los chistes y la tensi\u00f3n de un cierre de edici\u00f3n, de los cambios a medianoche, y de las jornadas electorales en donde entramos animosos, y salimos muertos pero triunfantes.&nbsp;<\/p>\n\n\n\n<p>Hoy, mi particular ciclo acaba aqu\u00ed, pero gracias a las manos y mentes maravillosas de quienes permanecen, usted podr\u00e1 ser parte de la historia que se escribe a diario, de aquello que sucede y se mantiene.&nbsp;<\/p>\n\n\n\n<p>Gracias totales a los se\u00f1ores Peralta por su confianza y respaldo; a mis compa\u00f1eros editores, a Oscar y Ana; gracias a Lalo, Ale y Dulce, los famosos CPDs, gracias a Aylin por los consejos y fotograf\u00edas; gracias a Mike por compartirme cigarros y una buena charla; gracias a Ruben, Crist\u00f3bal y To\u00f1o; a Tania, Eli, Maty y Ale; gracias a quienes dise\u00f1aron mis portadas y reportajes, gracias a quienes cuidaron de los accesos y salidas, gracias a do\u00f1a Moni por los viernes de garnachas\u2026 gracias a ustedes por aceptar este espacio. Hoy me despido de mi casa, pero no de sus p\u00e1ginas, porque las letras no terminan, y habremos de buscar c\u00f3mo crear nuevas memorias.<\/p>\n\n\n\n<p><strong>\u00a1Hasta pronto!<\/strong><\/p>\n\n\n\n<p><strong>Postdata: <\/strong><em>Deseo que este cierre de a\u00f1o sea esperanzador y luminoso para todas y todos ustedes, y deseo a\u00fan m\u00e1s que el a\u00f1o entrante, llegue cargado de bendiciones para sus corazones y hogares.&nbsp;<\/em><\/p>\n\n\n\n<p><strong>Mi Twitter: <\/strong><em>@CamaradaEslava<\/em><\/p>\n\n\n\n<p><strong>Mi correo electr\u00f3nico: <\/strong><a href=\"mailto:osmareslava@plazajuarez.mx\/historico\/historico\"><em>osmareslava@plazajuarez.mx\/historico\/historico<\/em><\/a><\/p>\n","protected":false},"excerpt":{"rendered":"<p>Letras y Memorias Hace ya un buen rato, una aventura inici\u00f3 no s\u00f3lo en estas memorias o letras, sino en las murallas de un castillo de color sutil que abri\u00f3 sus puertas a quien hoy les escribe. Con todo el \u00e1nimo del mundo, los pies atravesaron ese port\u00f3n custodiado en aquel d\u00eda por don Lalo, [&hellip;]<\/p>\n","protected":false},"author":95,"featured_media":234892,"comment_status":"closed","ping_status":"closed","sticky":false,"template":"","format":"standard","meta":{"footnotes":""},"categories":[42,84],"tags":[],"class_list":["post-243826","post","type-post","status-publish","format-standard","has-post-thumbnail","hentry","category-nuestrapalabra","category-osmar-eslava-marquez"],"_links":{"self":[{"href":"https:\/\/plazajuarez.mx\/historico\/wp-json\/wp\/v2\/posts\/243826","targetHints":{"allow":["GET"]}}],"collection":[{"href":"https:\/\/plazajuarez.mx\/historico\/wp-json\/wp\/v2\/posts"}],"about":[{"href":"https:\/\/plazajuarez.mx\/historico\/wp-json\/wp\/v2\/types\/post"}],"author":[{"embeddable":true,"href":"https:\/\/plazajuarez.mx\/historico\/wp-json\/wp\/v2\/users\/95"}],"replies":[{"embeddable":true,"href":"https:\/\/plazajuarez.mx\/historico\/wp-json\/wp\/v2\/comments?post=243826"}],"version-history":[{"count":0,"href":"https:\/\/plazajuarez.mx\/historico\/wp-json\/wp\/v2\/posts\/243826\/revisions"}],"wp:featuredmedia":[{"embeddable":true,"href":"https:\/\/plazajuarez.mx\/historico\/wp-json\/wp\/v2\/media\/234892"}],"wp:attachment":[{"href":"https:\/\/plazajuarez.mx\/historico\/wp-json\/wp\/v2\/media?parent=243826"}],"wp:term":[{"taxonomy":"category","embeddable":true,"href":"https:\/\/plazajuarez.mx\/historico\/wp-json\/wp\/v2\/categories?post=243826"},{"taxonomy":"post_tag","embeddable":true,"href":"https:\/\/plazajuarez.mx\/historico\/wp-json\/wp\/v2\/tags?post=243826"}],"curies":[{"name":"wp","href":"https:\/\/api.w.org\/{rel}","templated":true}]}}