{"id":24381,"date":"2016-07-08T12:32:23","date_gmt":"2016-07-08T12:32:23","guid":{"rendered":"http:\/\/plazajuarez.mx\/index\/index.php\/2016\/07\/08\/sin-informacion-respecto-a-albergues-de-mascotas\/"},"modified":"2016-07-08T12:32:23","modified_gmt":"2016-07-08T12:32:23","slug":"sin-informacion-respecto-a-albergues-de-mascotas","status":"publish","type":"post","link":"https:\/\/plazajuarez.mx\/historico\/sin-informacion-respecto-a-albergues-de-mascotas\/","title":{"rendered":"Sin informaci\u00f3n respecto a albergues de mascotas"},"content":{"rendered":"<p>Tulancingo<br \/>\u25cf\u00a0\u00a0\u00a0 Hace falta la conformaci\u00f3n de una unidad t\u00e9cnica, de acuerdo a la ley estatal de protecci\u00f3n a animales<br \/>\u00a0\u00a0\u00a0 <br \/>La Ley de Protecci\u00f3n y Trato Digno de Animales establece, en su art\u00edculo 10, que los ayuntamientos deber\u00e1n conformar un \u00e1rea t\u00e9cnica de Protecci\u00f3n y Sanidad Animal, as\u00ed como de control de especies, conformado por un responsable, secretario y dos vocales nombrados por la autoridad en materia de salud\u00a0 y Ecolog\u00eda. Tambi\u00e9n, deber\u00e1n ser invitados a este \u00f3rgano, asociaciones protectoras de animales y m\u00e9dicos veterinarios zootecnistas.<\/p>\n<p>  <!--more-->  <\/p>\n<p>La directora de Medio Ambiente en el municipio, Windy Jaqueline Guerrero Rodr\u00edguez, reconoci\u00f3 que debido a la falta de la formaci\u00f3n en Tulancingo de la unidad t\u00e9cnica establecida en la Ley de Protecci\u00f3n y Trato digno a los Animales, no se cuenta con un registro de las asociaciones que albergan a mascotas, principalmente perros.<\/p>\n<p>En este sentido, detall\u00f3 que dichas agrupaciones deber\u00e1n registrarse ante la Secretar\u00eda de Medio Ambiente y Recursos Naturales del estado de Hidalgo (Semarnath), ya que para operar deben estar legalmente constituidas.<\/p>\n<p>Entre las facultades de las asociaciones protectoras de animales est\u00e1 el contar con refugios, los cuales deben cumplir las normas sanitarias y dem\u00e1s ordenamientos vigentes; ya que tienen derecho a poseer, donar, aislar y recoger animales dom\u00e9sticos abandonados.<\/p>\n<p>Aunque dicha ley debe ser aplicada en coordinaci\u00f3n con los municipios, Tulancingo aun no la ha concretado, declar\u00f3 la funcionaria municipal.<\/p>\n<p>Para conformarla, dijo, se requiere de conocer las instancias que pudieran participar, las\u00a0 cuales tendr\u00edan responsabilidades, pero tambi\u00e9n deber\u00e1n contar con un espacio propio y personal, principalmente para atender convenios.<\/p>\n<p>Guerrero Rodr\u00edguez consider\u00f3 que existen elementos que pudieran omitirse a fin de no generar gastos al erario, ya que servidores p\u00fablicos de dependencias como la Direcci\u00f3n de Sanidad, Medio Ambiente, Limpias, ya cuentan con un salario, por lo que no tendr\u00edan que cobrar un extra por el servicio.<\/p>\n","protected":false},"excerpt":{"rendered":"<p>Tulancingo\u25cf\u00a0\u00a0\u00a0 Hace falta la conformaci\u00f3n de una unidad t\u00e9cnica, de acuerdo a la ley estatal de protecci\u00f3n a animales\u00a0\u00a0\u00a0 La Ley de Protecci\u00f3n y Trato Digno de Animales establece, en su art\u00edculo 10, que los ayuntamientos deber\u00e1n conformar un \u00e1rea t\u00e9cnica de Protecci\u00f3n y Sanidad Animal, as\u00ed como de control de especies, conformado por un [&hellip;]<\/p>\n","protected":false},"author":93,"featured_media":0,"comment_status":"open","ping_status":"open","sticky":false,"template":"","format":"standard","meta":{"footnotes":""},"categories":[40],"tags":[],"class_list":["post-24381","post","type-post","status-publish","format-standard","hentry","category-region"],"_links":{"self":[{"href":"https:\/\/plazajuarez.mx\/historico\/wp-json\/wp\/v2\/posts\/24381","targetHints":{"allow":["GET"]}}],"collection":[{"href":"https:\/\/plazajuarez.mx\/historico\/wp-json\/wp\/v2\/posts"}],"about":[{"href":"https:\/\/plazajuarez.mx\/historico\/wp-json\/wp\/v2\/types\/post"}],"author":[{"embeddable":true,"href":"https:\/\/plazajuarez.mx\/historico\/wp-json\/wp\/v2\/users\/93"}],"replies":[{"embeddable":true,"href":"https:\/\/plazajuarez.mx\/historico\/wp-json\/wp\/v2\/comments?post=24381"}],"version-history":[{"count":0,"href":"https:\/\/plazajuarez.mx\/historico\/wp-json\/wp\/v2\/posts\/24381\/revisions"}],"wp:attachment":[{"href":"https:\/\/plazajuarez.mx\/historico\/wp-json\/wp\/v2\/media?parent=24381"}],"wp:term":[{"taxonomy":"category","embeddable":true,"href":"https:\/\/plazajuarez.mx\/historico\/wp-json\/wp\/v2\/categories?post=24381"},{"taxonomy":"post_tag","embeddable":true,"href":"https:\/\/plazajuarez.mx\/historico\/wp-json\/wp\/v2\/tags?post=24381"}],"curies":[{"name":"wp","href":"https:\/\/api.w.org\/{rel}","templated":true}]}}