{"id":24380,"date":"2016-07-08T12:30:42","date_gmt":"2016-07-08T12:30:42","guid":{"rendered":"http:\/\/plazajuarez.mx\/index\/index.php\/2016\/07\/08\/hidalgo-se-queda-con-deuda-de-alrededor-de-5-mmdp-for\/"},"modified":"2016-07-08T12:30:42","modified_gmt":"2016-07-08T12:30:42","slug":"hidalgo-se-queda-con-deuda-de-alrededor-de-5-mmdp-for","status":"publish","type":"post","link":"https:\/\/plazajuarez.mx\/historico\/hidalgo-se-queda-con-deuda-de-alrededor-de-5-mmdp-for\/","title":{"rendered":"Hidalgo se queda con deuda de alrededor de 5 mmdp: FOR"},"content":{"rendered":"<p>EN PACHUCA <br \/>Deuda similar a la que se ten\u00eda cuando recibi\u00f3 la administraci\u00f3n<\/p>\n<p>  <!--more-->  <\/p>\n<p>El gobernador de la entidad Francisco Olvera Ruiz, inform\u00f3 que el estado se quedar\u00e1 con una deuda similar a la que se ten\u00eda cuando recibi\u00f3 la administraci\u00f3n, por lo que enfatiz\u00f3 que ser\u00e1n alrededor de 5 mil 643 millones de pesos los que se quedar\u00e1n sin solventar, lo anterior luego de que explicara, que hubo algunas contingencias que se tuvieron que enfrentar durante su gobierno.<\/p>\n<p>\u201cLamentablemente recordar\u00e1n que tuvimos que recurrir a pr\u00e9stamos en dos ocasiones por lo menos al Fondo Nacional de Reconstrucci\u00f3n para poder completar la parte que nos tocaba del Fondo para la Prevenci\u00f3n de Desastres Naturales (Fonden) en dos contingencias por fen\u00f3menos meteorol\u00f3gicos que afectaron al estado, sin embargo el apoyo que se pide al Fonden es estrictamente para obras de infraestructura, entonces en una ocasi\u00f3n se aplicaron mil 200 millones y en otra alrededor\u00a0 800 millones de pesos y esto en parte no nos permiti\u00f3 reducir la deuda a pesar de la disminuci\u00f3n que tuvimos en el tema\u201d, dijo.<\/p>\n<p>Y agreg\u00f3 \u201cyo dir\u00eda que no subi\u00f3 la deuda, y esto ya es una buena noticia tambi\u00e9n, no incrementamos la deuda, hicimos algunas operaciones para solventar la que nos estaba ahorcando por los intereses y hoy tenemos menos deuda en la entidad, en lo general yo considero que estamos entregando cuentas sanas\u201d.<\/p>\n<p>Tras ser interrogado sobre la posibilidad de que dicha deuda pudiera entorpecer los trabajos de la administraci\u00f3n que entrar\u00e1 el pr\u00f3ximo 5 de septiembre y que encabeza Omar Fayad Meneses, Olvera Ruiz asegur\u00f3 que se tiene un amplio margen de operatividad con los ingresos propios.<\/p>\n<p>Finalmente, destac\u00f3 que Hidalgo es uno de los estados en donde se tiene una deuda m\u00e1s baja por lo que destac\u00f3 que la administraci\u00f3n se llev\u00f3 a cabo con trabajo para subsanar y con pr\u00e9stamos s\u00f3lo para brindar atenci\u00f3n a la gente damnificada por las cuestiones clim\u00e1ticas.<\/p>\n<p>En otro tema el gobernador hidalguense, se\u00f1al\u00f3 que en breve se reunir\u00e1 con el presidente de la Junta de Gobierno de la 62 legislatura, Ernesto Gil Elorduy, con el objetivo de afinar detalles para la entrega del \u00faltimo informe de gobierno al congreso local.<\/p>\n","protected":false},"excerpt":{"rendered":"<p>EN PACHUCA Deuda similar a la que se ten\u00eda cuando recibi\u00f3 la administraci\u00f3n<\/p>\n","protected":false},"author":93,"featured_media":0,"comment_status":"open","ping_status":"open","sticky":false,"template":"","format":"standard","meta":{"footnotes":""},"categories":[59],"tags":[],"class_list":["post-24380","post","type-post","status-publish","format-standard","hentry","category-general"],"_links":{"self":[{"href":"https:\/\/plazajuarez.mx\/historico\/wp-json\/wp\/v2\/posts\/24380","targetHints":{"allow":["GET"]}}],"collection":[{"href":"https:\/\/plazajuarez.mx\/historico\/wp-json\/wp\/v2\/posts"}],"about":[{"href":"https:\/\/plazajuarez.mx\/historico\/wp-json\/wp\/v2\/types\/post"}],"author":[{"embeddable":true,"href":"https:\/\/plazajuarez.mx\/historico\/wp-json\/wp\/v2\/users\/93"}],"replies":[{"embeddable":true,"href":"https:\/\/plazajuarez.mx\/historico\/wp-json\/wp\/v2\/comments?post=24380"}],"version-history":[{"count":0,"href":"https:\/\/plazajuarez.mx\/historico\/wp-json\/wp\/v2\/posts\/24380\/revisions"}],"wp:attachment":[{"href":"https:\/\/plazajuarez.mx\/historico\/wp-json\/wp\/v2\/media?parent=24380"}],"wp:term":[{"taxonomy":"category","embeddable":true,"href":"https:\/\/plazajuarez.mx\/historico\/wp-json\/wp\/v2\/categories?post=24380"},{"taxonomy":"post_tag","embeddable":true,"href":"https:\/\/plazajuarez.mx\/historico\/wp-json\/wp\/v2\/tags?post=24380"}],"curies":[{"name":"wp","href":"https:\/\/api.w.org\/{rel}","templated":true}]}}