{"id":2438,"date":"2015-03-19T06:00:00","date_gmt":"2015-03-19T06:00:00","guid":{"rendered":"http:\/\/plazajuarez.mx\/index\/index.php\/2015\/03\/19\/realizan-miembros-de-morena-guardia-de-honor-en-el-monumento-al-general-lazaro-cardenas-del-rio\/"},"modified":"2015-03-19T06:00:00","modified_gmt":"2015-03-19T06:00:00","slug":"realizan-miembros-de-morena-guardia-de-honor-en-el-monumento-al-general-lazaro-cardenas-del-rio","status":"publish","type":"post","link":"https:\/\/plazajuarez.mx\/historico\/realizan-miembros-de-morena-guardia-de-honor-en-el-monumento-al-general-lazaro-cardenas-del-rio\/","title":{"rendered":"Realizan miembros de Morena guardia de honor en el Monumento al general L\u00e1zaro C\u00e1rdenas del R\u00edo"},"content":{"rendered":"<p><strong>Tula de Allende<\/strong><\/p>\n<ul>\n<li><strong><strong>Ayer se cumplieron 77 a\u00f1os de aquel gran gesto de nacionalismo de mi General<\/strong><\/strong> <!--more--> <\/li>\n<\/ul>\n<p>Miembros del Movimiento de Regeneraci\u00f3n Nacional (Morena) en Tula, en el marco del 77 aniversario de la conmemoraci\u00f3n de la Expropiaci\u00f3n Petrolera, llevaron a cabo una guardia de honor en el monumento al general L\u00e1zaro C\u00e1rdenas del R\u00edo, y donde fijaron su postura de lucha en defensa del petr\u00f3leo.<\/p>\n<p>\u00a0<\/p>\n<p>Durante la guardia de honor los asistentes se\u00f1alaron que el gobierno le est\u00e1 robando todos los recursos naturales a los mexicanos, ya que no obstante a haber privatizado el petr\u00f3leo, la energ\u00eda ahora pretender hacerlo con el agua, por lo que aseguraron que no van a claudicar en esa lucha por defender a la naci\u00f3n, hasta lograr revertir las reformas estructurales.<\/p>\n<p>\u00a0<\/p>\n<p>Los izquierdistas aseguraron que a 77 a\u00f1os de la Expropiaci\u00f3n Petrolera \u201cNo hay nada que celebrar, como consecuencia de que con la reforma energ\u00e9tica el gobierno federal lastim\u00f3 el patrimonio de todos los mexicanos.\u00a0<\/p>\n<p>A la protesta se sum\u00f3 Luis Enrique Cadena Garc\u00eda, quien se identific\u00f3 como el promotor de la soberan\u00eda nacional, quien record\u00f3 a la ciudadan\u00eda que hace 77 a\u00f1os se contaba con un dirigente nacional con conciencia social: L\u00e1zaro C\u00e1rdenas del R\u00edo.<\/p>\n<p>Cadena Garc\u00eda dijo: \u201cA 77 a\u00f1os los extranjeros son quienes manejan los recursos petrol\u00edferos, de ah\u00ed que m\u00e1s que conmemorar la expropiaci\u00f3n petrolera, se est\u00e1 en el panorama de haber dado marcha a tras al logro hist\u00f3rico con la mal llamada reforma energ\u00e9tica, que no ha hecho otra cosa m\u00e1s que poner en manos de empresas nacionales y extranjeras los recursos de los mexicanos\u201d.<\/p>\n<p>Posterior al sencillo homenaje al general L\u00e1zaro C\u00e1rdenas los asistentes entonaron con la mano en alto el Himno Nacional y se dirigieron a participar en un foro ciudadano en la p\u00e9rgola del jard\u00edn Constituci\u00f3n en el centro de Tula donde hablar\u00eda de la crisis que enfrenta el pa\u00eds a consecuencia de las reformas\u2026 entre ellas la energ\u00e9tica.<\/p>\n<p>Ya por la tarde con el mismo motivo de defensa y recuperaci\u00f3n de los recursos energ\u00e9ticos la Coordinadora Nacional de Trabajadores de la Educaci\u00f3n en Hidalgo convoc\u00f3 a una marcha u acto pol\u00edtico-magisterial-popular que concluir\u00eda en las inmediaciones de la refiner\u00eda Miguel Hidalgo.<\/p>\n","protected":false},"excerpt":{"rendered":"<p>Tula de Allende Ayer se cumplieron 77 a\u00f1os de aquel gran gesto de nacionalismo de mi General<\/p>\n","protected":false},"author":93,"featured_media":0,"comment_status":"open","ping_status":"open","sticky":false,"template":"","format":"standard","meta":{"footnotes":""},"categories":[40],"tags":[],"class_list":["post-2438","post","type-post","status-publish","format-standard","hentry","category-region"],"_links":{"self":[{"href":"https:\/\/plazajuarez.mx\/historico\/wp-json\/wp\/v2\/posts\/2438","targetHints":{"allow":["GET"]}}],"collection":[{"href":"https:\/\/plazajuarez.mx\/historico\/wp-json\/wp\/v2\/posts"}],"about":[{"href":"https:\/\/plazajuarez.mx\/historico\/wp-json\/wp\/v2\/types\/post"}],"author":[{"embeddable":true,"href":"https:\/\/plazajuarez.mx\/historico\/wp-json\/wp\/v2\/users\/93"}],"replies":[{"embeddable":true,"href":"https:\/\/plazajuarez.mx\/historico\/wp-json\/wp\/v2\/comments?post=2438"}],"version-history":[{"count":0,"href":"https:\/\/plazajuarez.mx\/historico\/wp-json\/wp\/v2\/posts\/2438\/revisions"}],"wp:attachment":[{"href":"https:\/\/plazajuarez.mx\/historico\/wp-json\/wp\/v2\/media?parent=2438"}],"wp:term":[{"taxonomy":"category","embeddable":true,"href":"https:\/\/plazajuarez.mx\/historico\/wp-json\/wp\/v2\/categories?post=2438"},{"taxonomy":"post_tag","embeddable":true,"href":"https:\/\/plazajuarez.mx\/historico\/wp-json\/wp\/v2\/tags?post=2438"}],"curies":[{"name":"wp","href":"https:\/\/api.w.org\/{rel}","templated":true}]}}