{"id":24379,"date":"2016-07-08T12:30:40","date_gmt":"2016-07-08T12:30:40","guid":{"rendered":"http:\/\/plazajuarez.mx\/index\/index.php\/2016\/07\/08\/otra-marcha-en-apoyo-a-la-cnte\/"},"modified":"2016-07-08T12:30:40","modified_gmt":"2016-07-08T12:30:40","slug":"otra-marcha-en-apoyo-a-la-cnte","status":"publish","type":"post","link":"https:\/\/plazajuarez.mx\/historico\/otra-marcha-en-apoyo-a-la-cnte\/","title":{"rendered":"Otra marcha en apoyo a la CNTE"},"content":{"rendered":"<p>En Pachuca<br \/>M\u00e1s de mil personas de diversas agrupaciones se unieron la tarde de ayer para marchar en la ciudad de Pachuca en contra de la Reforma Educativa\u00a0<\/p>\n<p>  <!--more-->  <\/p>\n<p>M\u00e1s de mil personas de diversas agrupaciones se unieron la tarde de ayer para marchar en la ciudad de Pachuca en contra de la Reforma Educativa, y apoyo a los maestros de la Coordinadora Nacional de Trabajadores de la Educaci\u00f3n (CNTE) que han sido cesados de sus actividades.<br \/>Durante la movilizaci\u00f3n, el Movimiento de Base de Magisterial de Hidalgo (MBMH), adem\u00e1s de la Asamblea Nacional de Usuarios de Energ\u00eda El\u00e9ctrica, se conjuntaron con la Coordinadora para proclamar la derogaci\u00f3n de la Reforma Educativa, el respeto a los derechos de aquellos afectados en los estados de Oaxaca y Chiapas, la retribuci\u00f3n de los salarios, as\u00ed como la liberaci\u00f3n de aquellos que mantienen presos.<br \/>El maestro e integrante de la Coordinadora en Hidalgo Juan Olvera Caballero, coment\u00f3 que el movimiento en la entidad est\u00e1 creciendo gracias a la participaci\u00f3n de maestros de diferentes agrupaciones, reiterando que la lucha es la misma no importando de donde vengan mientras su prop\u00f3sito sea derogar la reforma.<br \/>La Coordinadora Nacional que mantiene el di\u00e1logo con la Secretar\u00eda de Gobernaci\u00f3n exige tres centrales, el primero es la derogaci\u00f3n de la reforma educativa como un elemento de car\u00e1cter central, la segunda es tratar de plantear un proyecto de car\u00e1cter educativo totalmente diferente al actual ya que \u00e9ste no responde a las necesidades educativas del pa\u00eds, coment\u00f3 Juan Olvera.<br \/>Adem\u00e1s, agreg\u00f3 que como tercer punto piden que se resuelvan los problemas que ha tra\u00eddo consigo el movimiento desde el 2013 donde los maestros han sido asesinados, detenidos, cesados o desplazados, inclusive con salarios retenidos.<br \/>Finalmente, el integrante de la coordinadora se\u00f1al\u00f3 que en las reuniones que mantienen con la Secretar\u00eda de Gobernaci\u00f3n, donde no ha estado presente Aurelio Nu\u00f1o Mayer, no van con la voluntad de resolver el conflicto, m\u00e1s all\u00e1 de no querer cambiar la reforma.<\/p>\n","protected":false},"excerpt":{"rendered":"<p>En PachucaM\u00e1s de mil personas de diversas agrupaciones se unieron la tarde de ayer para marchar en la ciudad de Pachuca en contra de la Reforma Educativa\u00a0<\/p>\n","protected":false},"author":93,"featured_media":0,"comment_status":"open","ping_status":"open","sticky":false,"template":"","format":"standard","meta":{"footnotes":""},"categories":[59],"tags":[],"class_list":["post-24379","post","type-post","status-publish","format-standard","hentry","category-general"],"_links":{"self":[{"href":"https:\/\/plazajuarez.mx\/historico\/wp-json\/wp\/v2\/posts\/24379","targetHints":{"allow":["GET"]}}],"collection":[{"href":"https:\/\/plazajuarez.mx\/historico\/wp-json\/wp\/v2\/posts"}],"about":[{"href":"https:\/\/plazajuarez.mx\/historico\/wp-json\/wp\/v2\/types\/post"}],"author":[{"embeddable":true,"href":"https:\/\/plazajuarez.mx\/historico\/wp-json\/wp\/v2\/users\/93"}],"replies":[{"embeddable":true,"href":"https:\/\/plazajuarez.mx\/historico\/wp-json\/wp\/v2\/comments?post=24379"}],"version-history":[{"count":0,"href":"https:\/\/plazajuarez.mx\/historico\/wp-json\/wp\/v2\/posts\/24379\/revisions"}],"wp:attachment":[{"href":"https:\/\/plazajuarez.mx\/historico\/wp-json\/wp\/v2\/media?parent=24379"}],"wp:term":[{"taxonomy":"category","embeddable":true,"href":"https:\/\/plazajuarez.mx\/historico\/wp-json\/wp\/v2\/categories?post=24379"},{"taxonomy":"post_tag","embeddable":true,"href":"https:\/\/plazajuarez.mx\/historico\/wp-json\/wp\/v2\/tags?post=24379"}],"curies":[{"name":"wp","href":"https:\/\/api.w.org\/{rel}","templated":true}]}}