{"id":24377,"date":"2016-07-08T12:30:38","date_gmt":"2016-07-08T12:30:38","guid":{"rendered":"http:\/\/plazajuarez.mx\/index\/index.php\/2016\/07\/08\/dedicada-a-margarita-michelena-feria-del-libro-infantil-y-juvenil-del-22-al-31-de-julio\/"},"modified":"2016-07-08T12:30:38","modified_gmt":"2016-07-08T12:30:38","slug":"dedicada-a-margarita-michelena-feria-del-libro-infantil-y-juvenil-del-22-al-31-de-julio","status":"publish","type":"post","link":"https:\/\/plazajuarez.mx\/historico\/dedicada-a-margarita-michelena-feria-del-libro-infantil-y-juvenil-del-22-al-31-de-julio\/","title":{"rendered":"Dedicada a Margarita Michelena, Feria del Libro Infantil y Juvenil del 22 al 31 de julio"},"content":{"rendered":"<p>\u25cf\u00a0\u00a0\u00a0 Este festival literario contar\u00e1 con aproximadamente 120 actividades, todas con acceso gratuito, en las instalaciones del Centro Cultural del Ferrocarril<\/p>\n<p>  <!--more-->  <\/p>\n<p>En su edici\u00f3n 16, la Feria del Libro Infantil y Juvenil Hidalgo (FLIJH) que se realizar\u00e1 del 22 al 31 de julio, estar\u00e1 dedicada a la poeta, publicista y periodista hidalguense Margarita Michelena, por el\u00a0 pr\u00f3ximo centenario de su natalicio, as\u00ed lo dio a conocer el Centro Estatal para la Cultura y las Artes de Hidalgo (Cecultah).<br \/>Este festival literario contar\u00e1 con aproximadamente 120 actividades, ya que aparte de la venta de libros se desarrollar\u00e1n presentaciones, editoriales, conferencias, talleres, espect\u00e1culos infantiles, conciertos, adem\u00e1s de exposiciones de ilustraciones, todas con acceso gratuito, en las instalaciones del Centro Cultural del Ferrocarril.<br \/>Con una inversi\u00f3n de 800 mil pesos, la feria tiene contemplado superar los 30 mil visitantes a lo largo de los diez d\u00edas de exposici\u00f3n, adem\u00e1s de fomentar en los chicos y j\u00f3venes el h\u00e1bito por la lectura y la escritura.<br \/>De las actividades que se desarrollar\u00e1n se destaca la conferencia \u201cMargarita Michelena: Para\u00edso y Nostalgia\u201d dirigida por el actor mexicano Carlos Bracho, adem\u00e1s del espect\u00e1culo literario musical \u201cMientras nos dure el veinte\u201d del escritor Juan Villoro en compa\u00f1\u00eda de los\u00a0 integrantes de Caifanes y La Barranca, mismo que ser\u00e1 la apertura de la feria el 18 de julio en el Auditorio Gota de Plata, en punto de las 19 horas.<br \/>El horario ser\u00e1 de las diez a las nueve de la noche, y adem\u00e1s se contar\u00e1 como otra sede, al Teatro de San Francisco, donde se desarrollar\u00e1n obras de teatro y espacio de cuentacuentos, independientemente de la participaci\u00f3n musical de la Banda Sinf\u00f3nica Infantil y Juvenil y el coro de ni\u00f1os cantores.<br \/>Cabe recordar que Margarita Michelena naci\u00f3 en la ciudad de Pachuca en 1917, trabaj\u00f3 para diversos medios de comunicaci\u00f3n y estuvo involucrada en la cultura y las artes literarias, adem\u00e1s de ser defensora de los derechos de las mujeres y la igualdad.<\/p>\n","protected":false},"excerpt":{"rendered":"<p>\u25cf\u00a0\u00a0\u00a0 Este festival literario contar\u00e1 con aproximadamente 120 actividades, todas con acceso gratuito, en las instalaciones del Centro Cultural del Ferrocarril<\/p>\n","protected":false},"author":93,"featured_media":0,"comment_status":"open","ping_status":"open","sticky":false,"template":"","format":"standard","meta":{"footnotes":""},"categories":[59],"tags":[],"class_list":["post-24377","post","type-post","status-publish","format-standard","hentry","category-general"],"_links":{"self":[{"href":"https:\/\/plazajuarez.mx\/historico\/wp-json\/wp\/v2\/posts\/24377","targetHints":{"allow":["GET"]}}],"collection":[{"href":"https:\/\/plazajuarez.mx\/historico\/wp-json\/wp\/v2\/posts"}],"about":[{"href":"https:\/\/plazajuarez.mx\/historico\/wp-json\/wp\/v2\/types\/post"}],"author":[{"embeddable":true,"href":"https:\/\/plazajuarez.mx\/historico\/wp-json\/wp\/v2\/users\/93"}],"replies":[{"embeddable":true,"href":"https:\/\/plazajuarez.mx\/historico\/wp-json\/wp\/v2\/comments?post=24377"}],"version-history":[{"count":0,"href":"https:\/\/plazajuarez.mx\/historico\/wp-json\/wp\/v2\/posts\/24377\/revisions"}],"wp:attachment":[{"href":"https:\/\/plazajuarez.mx\/historico\/wp-json\/wp\/v2\/media?parent=24377"}],"wp:term":[{"taxonomy":"category","embeddable":true,"href":"https:\/\/plazajuarez.mx\/historico\/wp-json\/wp\/v2\/categories?post=24377"},{"taxonomy":"post_tag","embeddable":true,"href":"https:\/\/plazajuarez.mx\/historico\/wp-json\/wp\/v2\/tags?post=24377"}],"curies":[{"name":"wp","href":"https:\/\/api.w.org\/{rel}","templated":true}]}}