{"id":24375,"date":"2016-07-07T21:23:58","date_gmt":"2016-07-07T21:23:58","guid":{"rendered":"http:\/\/plazajuarez.mx\/index\/index.php\/2016\/07\/07\/la-salud-infantil-prioridad-en-la-administracion-for\/"},"modified":"2016-07-07T21:23:58","modified_gmt":"2016-07-07T21:23:58","slug":"la-salud-infantil-prioridad-en-la-administracion-for","status":"publish","type":"post","link":"https:\/\/plazajuarez.mx\/historico\/la-salud-infantil-prioridad-en-la-administracion-for\/","title":{"rendered":"La salud infantil, prioridad en la administraci\u00f3n: FOR"},"content":{"rendered":"<p class=\"MsoNormal\" style=\"text-align: justify;\">El gobernador del estado de Hidalgo, Jos\u00e9 Francisco Olvera Ruiz, confirm\u00f3 que la piedra angular durante su administraci\u00f3n ha sido y ser\u00e1 la salud, compromiso que permite el crecimiento y engrandecimiento de M\u00e9xico e Hidalgo, en el evento de la inauguraci\u00f3n del VI Congreso Internacional de Pediatr\u00eda \u201cDr. Carlos Cadena Cetina\u201d, y de las XVII Jornadas de Enfermer\u00eda Pedi\u00e1trica.<\/p>\n<p>  <!--more-->  <\/p>\n<p class=\"MsoNormal\" style=\"text-align: justify;\">\u00a0<\/p>\n<p class=\"MsoNormal\" style=\"text-align: justify;\">Olvera Ruiz mencion\u00f3 que durante estos m\u00e1s de cinco a\u00f1os de su gesti\u00f3n se ha reforzado la infraestructura hospitalaria, por lo que se cuenta con equipamiento tecnol\u00f3gico de \u00faltima generaci\u00f3n, esto ante autoridades de salud y acad\u00e9micos en la materia de diferentes regiones del pa\u00eds, as\u00ed como de funcionarios estatales, municipales, legisladores federales, congresistas internacionales, y estudiantes.<\/p>\n<p class=\"MsoNormal\" style=\"text-align: justify;\">El jefe ejecutivo se\u00f1al\u00f3 que es importante, que los especialistas en la salud infantil est\u00e9n en constante preparaci\u00f3n y actualizaci\u00f3n para mantener la calidad que le da el prestigio a nivel nacional al Hospital DIF de la Ni\u00f1ez Hidalguense; pero sobre todo, para brindar una mejor calidad de vida a la parte m\u00e1s sensible de la sociedad que son las ni\u00f1as y los ni\u00f1os.<\/p>\n<p class=\"MsoNormal\" style=\"text-align: justify;\">Asimismo, el gobernador del estado recalc\u00f3 cada una de las certificaciones que ha recibido este nosocomio, convirti\u00e9ndolo en espacio de clase mundial y que brinda sus servicios no solo a la ni\u00f1ez de la entidad, sino igual de los estados vecinos, siendo el \u00fanico centro hospitalario que no se encuentra dentro del esquema del sector salud, por lo tanto, presta sus servicios con recursos estatales, por lo que reconoci\u00f3 la labor de todo el personal que integra este centro m\u00e9dico especializado ya que dijo, cada uno de ellos pone dedicaci\u00f3n, pasi\u00f3n y voluntad.<\/p>\n<p class=\"MsoNormal\" style=\"text-align: justify;\">En tan solemne evento, el gobernador reconoci\u00f3 el trabajo que ha realizado su esposa, Guadalupe Romero Delgado al frente del Sistema DIF, por los beneficios en favor de las familias hidalguenses.<\/p>\n<p class=\"MsoNormal\" style=\"text-align: justify;\">Finalmente, el mandatario hidalguense dio la bienvenida a todas y todos los asistentes a las distintas conferencias que se presentar\u00e1n a partir de este d\u00eda y hasta el pr\u00f3ximo s\u00e1bado 9 de julio.<\/p>\n<p class=\"MsoNormal\" style=\"text-align: justify;\">Por su parte, Jorge Moreno Mart\u00ednez, en representaci\u00f3n del doctor, Arturo P\u00e9rez Mart\u00ednez, presidente de la Academia Mexicana de Pediatr\u00eda, solicit\u00f3 a los participantes de este importante Congreso a realizar su labor con pasi\u00f3n y servicios; al tiempo que invit\u00f3 a las y los pediatras a ingresar a dicha academia, con el objetivo de reforzar el conocimiento y mantener a los m\u00e9dicos actualizados.<\/p>\n<p class=\"MsoNormal\" style=\"text-align: justify;\">En su intervenci\u00f3n, Marco Antonio Escamilla Acosta, director del Hospital DIF de la Ni\u00f1ez Hidalguense, agradeci\u00f3 a Francisco Olvera las acciones que realiz\u00f3 a lo largo de su administraci\u00f3n como son la construcci\u00f3n de la Casa del Pediatra del Colegio Hidalguense de Pediatr\u00eda, \u00fanica a nivel nacional; la creaci\u00f3n del albergue del Hospital del Ni\u00f1o; la conformaci\u00f3n de la Red de Hospitales Pedi\u00e1tricos por la calidad.<\/p>\n<p class=\"MsoNormal\" style=\"text-align: justify;\">Marco Antonio Escamilla coment\u00f3 que en el Hospital DIF de la Ni\u00f1ez Hidalguense se han obtenido 18 premios nacionales, se otorgaron m\u00e1s de 665 mil consultas, nueve acreditaciones y reacreditaciones en el Seguro Popular, m\u00e1s de dos millones 190 mil acciones de salud, 13 alianzas estrat\u00e9gicas con instituciones l\u00edderes en la pediatr\u00eda, adem\u00e1s de ser el \u00fanico hospital pedi\u00e1trico certificado a nivel nacional por los est\u00e1ndares de la Youth Commission International.<\/p>\n<p class=\"MsoNormal\" style=\"text-align: justify;\">El presidente del Consejo Hidalguense de Pediatr\u00eda, Jos\u00e9 Alfredo Camargo Labra, fue el encargado de dar a conocer la semblanza del doctor, Carlos Octavio Cadena Cetina, reconocido pediatra que falleci\u00f3 apenas el pasado mes de diciembre.<\/p>\n<p class=\"MsoNormal\" style=\"text-align: justify;\">Asimismo, Camargo Labra comunic\u00f3 que el homenajeado naci\u00f3 el 3 de agosto de 1938 en Ciudad Valles, San Luis Potos\u00ed, hijo de los maestros Carlos Octavio Cadena Paredes y Eliza Cetina. En 1956 ingres\u00f3 a la escuela de medicina del ICLA, posteriormente a la facultad de medicina de la UNAM.<\/p>\n<p class=\"MsoNormal\" style=\"text-align: justify;\">El 18 de febrero de 1963 recibe su titulaci\u00f3n como m\u00e9dico cirujano con menci\u00f3n honor\u00edfica y en ese mismo a\u00f1o ingresa al Hospital Infantil de M\u00e9xico para realizar sus estudios de posgrado en pediatr\u00eda m\u00e9dica. De 1964 al 2000 fue titular de m\u00faltiples asignaturas en la UAEH, fundador del Colegio Hidalguense de Pediatr\u00eda. Carlos Octavio Cadena falleci\u00f3 el 10 de diciembre de 2015.<\/p>\n<p class=\"MsoNormal\" style=\"text-align: justify;\">Durante el desarrollo del evento, Francisco Olvera, autoridades e invitados especiales efectuaron la inauguraci\u00f3n oficial del Congreso, que contar\u00e1 con la participaci\u00f3n de 63 profesores de Brasil, Colombia, Estados Unidos y M\u00e9xico, quienes impartir\u00e1n 42 conferencias, cinco simposios y seis talleres; con participantes de Puebla, Taxcala, CDMX, Morelos y el estado anfitri\u00f3n.<\/p>\n<p>\u00a0<\/p>\n<p class=\"MsoNormal\" style=\"text-align: justify;\">Posteriormente al acto protocolario, el gobernador y los invitados realizaron el corte de list\u00f3n del \u00e1rea comercial, para despu\u00e9s recorrer los stands especializados en diversos implementos m\u00e9dicos.<\/p>\n","protected":false},"excerpt":{"rendered":"<p>El gobernador del estado de Hidalgo, Jos\u00e9 Francisco Olvera Ruiz, confirm\u00f3 que la piedra angular durante su administraci\u00f3n ha sido y ser\u00e1 la salud, compromiso que permite el crecimiento y engrandecimiento de M\u00e9xico e Hidalgo, en el evento de la inauguraci\u00f3n del VI Congreso Internacional de Pediatr\u00eda \u201cDr. Carlos Cadena Cetina\u201d, y de las XVII [&hellip;]<\/p>\n","protected":false},"author":1,"featured_media":0,"comment_status":"open","ping_status":"open","sticky":false,"template":"","format":"standard","meta":{"footnotes":""},"categories":[59],"tags":[],"class_list":["post-24375","post","type-post","status-publish","format-standard","hentry","category-general"],"_links":{"self":[{"href":"https:\/\/plazajuarez.mx\/historico\/wp-json\/wp\/v2\/posts\/24375","targetHints":{"allow":["GET"]}}],"collection":[{"href":"https:\/\/plazajuarez.mx\/historico\/wp-json\/wp\/v2\/posts"}],"about":[{"href":"https:\/\/plazajuarez.mx\/historico\/wp-json\/wp\/v2\/types\/post"}],"author":[{"embeddable":true,"href":"https:\/\/plazajuarez.mx\/historico\/wp-json\/wp\/v2\/users\/1"}],"replies":[{"embeddable":true,"href":"https:\/\/plazajuarez.mx\/historico\/wp-json\/wp\/v2\/comments?post=24375"}],"version-history":[{"count":0,"href":"https:\/\/plazajuarez.mx\/historico\/wp-json\/wp\/v2\/posts\/24375\/revisions"}],"wp:attachment":[{"href":"https:\/\/plazajuarez.mx\/historico\/wp-json\/wp\/v2\/media?parent=24375"}],"wp:term":[{"taxonomy":"category","embeddable":true,"href":"https:\/\/plazajuarez.mx\/historico\/wp-json\/wp\/v2\/categories?post=24375"},{"taxonomy":"post_tag","embeddable":true,"href":"https:\/\/plazajuarez.mx\/historico\/wp-json\/wp\/v2\/tags?post=24375"}],"curies":[{"name":"wp","href":"https:\/\/api.w.org\/{rel}","templated":true}]}}