{"id":24374,"date":"2016-07-07T20:48:19","date_gmt":"2016-07-07T20:48:19","guid":{"rendered":"http:\/\/plazajuarez.mx\/index\/index.php\/2016\/07\/07\/clausurados-23-de-35-verificentros-en-megalopolis-profepa\/"},"modified":"2016-07-07T20:48:19","modified_gmt":"2016-07-07T20:48:19","slug":"clausurados-23-de-35-verificentros-en-megalopolis-profepa","status":"publish","type":"post","link":"https:\/\/plazajuarez.mx\/historico\/clausurados-23-de-35-verificentros-en-megalopolis-profepa\/","title":{"rendered":"Clausurados, 23 de 35 verificentros en Megal\u00f3polis: Profepa"},"content":{"rendered":"<p class=\"MsoNormal\" style=\"text-align: justify;\">La labor que realiza la Procuradur\u00eda Federal de Protecci\u00f3n al Ambiente (Profepa) relacionada con las inspecciones en verificentros no es pol\u00edtica, sino tiene que ver con el mejoramiento de la calidad del aire, afirm\u00f3 el titular de esa instituci\u00f3n, Guillermo Haro B\u00e9lchez.<\/p>\n<p>  <!--more-->  <\/p>\n<p class=\"MsoNormal\" style=\"text-align: justify;\">\u00a0<\/p>\n<p class=\"MsoNormal\" style=\"text-align: justify;\">Deslind\u00f3 de alguna responsabilidad a ese \u00f3rgano de las clausuras que se han realizado, las cuales -dijo-, est\u00e1n debidamente fundadas y motivadas, por lo que la responsabilidad es de los concesionarios.<\/p>\n<p class=\"MsoNormal\" style=\"text-align: justify;\">&#8220;Corresponden a la indebida calibraci\u00f3n no acreditada por un laboratorio independiente de su sistema de pesas, no de los dinam\u00f3metros como se ha pretendido hacer ver, ni muchos menos tambi\u00e9n por falta de documentos que expide la propia autoridad que hoy inspecciona.<\/p>\n<p class=\"MsoNormal\" style=\"text-align: justify;\">&#8220;Ni Semarnat (Secretar\u00eda del Medio Ambiente y Recursos Naturales) ni Profepa otorgan documento alguno para garantizar la correcta medici\u00f3n de los verificentros&#8221;, insisti\u00f3 el funcionario en conferencia de prensa acompa\u00f1ado por el subprocurador de Inspecci\u00f3n Ambiental, Arturo Rodr\u00edguez, y por el subprocurador Jur\u00eddico, Gabriel Calvillo.<\/p>\n<p class=\"MsoNormal\" style=\"text-align: justify;\">En el acto efectuado en instalaciones de la Profepa, Haro B\u00e9lchez detall\u00f3 que se han clausurado 103 en l\u00edneas en 23 verificentros de un total de 35 visitados en las seis entidades que componen la Megal\u00f3polis, de las cuales ocho corresponden a la Ciudad de M\u00e9xico, de 10 inspeccionados.<\/p>\n<p class=\"MsoNormal\" style=\"text-align: justify;\">Al respecto, el funcionario explic\u00f3: &#8220;Las clausuras hasta hoy impuestas a algunas l\u00edneas de verificaci\u00f3n, en los 35 verificentros, 8% del gran total, no es por la calibraci\u00f3n de los dinam\u00f3metros, sino del sistema de pesas, y si no tenemos la certeza de que estas est\u00e9n calibradas adecuadamente o certificadas por un laboratorio independiente, la muestra final, con el otorgamiento del holograma, no es confiable&#8221;.<\/p>\n<p class=\"MsoNormal\" style=\"text-align: justify;\">Resalt\u00f3 que &#8220;el cierre del supuesto mantenimiento de algunos verificentros, es una decisi\u00f3n personal de los titulares de las concesiones&#8221;.<\/p>\n<p class=\"MsoNormal\" style=\"text-align: justify;\">Expuso que &#8220;los gobiernos locales tienen la obligaci\u00f3n de revisar el correcto funcionamiento, apertura de todos los verificentros y tambi\u00e9n tienen, como lo vamos a solicitar formalmente, la obligaci\u00f3n de hacerlo, para en su caso, si no hay causa fundada y motivada, poder iniciar la revocaci\u00f3n de las concesiones otorgadas.<\/p>\n<p style=\"text-align: justify;\">\u00a0<\/p>\n<p class=\"MsoNormal\" style=\"text-align: justify;\">&#8220;No existe por tanto, ning\u00fan impedimento legal de Semarnat o Profepa, para que algunos verificentros, fundamentalmente en la Ciudad de M\u00e9xico, hayan tomado la determinaci\u00f3n de no abrir su servicio al p\u00fablico&#8221;.<\/p>\n","protected":false},"excerpt":{"rendered":"<p>La labor que realiza la Procuradur\u00eda Federal de Protecci\u00f3n al Ambiente (Profepa) relacionada con las inspecciones en verificentros no es pol\u00edtica, sino tiene que ver con el mejoramiento de la calidad del aire, afirm\u00f3 el titular de esa instituci\u00f3n, Guillermo Haro B\u00e9lchez.<\/p>\n","protected":false},"author":6,"featured_media":0,"comment_status":"open","ping_status":"open","sticky":false,"template":"","format":"standard","meta":{"footnotes":""},"categories":[36],"tags":[],"class_list":["post-24374","post","type-post","status-publish","format-standard","hentry","category-nacion"],"_links":{"self":[{"href":"https:\/\/plazajuarez.mx\/historico\/wp-json\/wp\/v2\/posts\/24374","targetHints":{"allow":["GET"]}}],"collection":[{"href":"https:\/\/plazajuarez.mx\/historico\/wp-json\/wp\/v2\/posts"}],"about":[{"href":"https:\/\/plazajuarez.mx\/historico\/wp-json\/wp\/v2\/types\/post"}],"author":[{"embeddable":true,"href":"https:\/\/plazajuarez.mx\/historico\/wp-json\/wp\/v2\/users\/6"}],"replies":[{"embeddable":true,"href":"https:\/\/plazajuarez.mx\/historico\/wp-json\/wp\/v2\/comments?post=24374"}],"version-history":[{"count":0,"href":"https:\/\/plazajuarez.mx\/historico\/wp-json\/wp\/v2\/posts\/24374\/revisions"}],"wp:attachment":[{"href":"https:\/\/plazajuarez.mx\/historico\/wp-json\/wp\/v2\/media?parent=24374"}],"wp:term":[{"taxonomy":"category","embeddable":true,"href":"https:\/\/plazajuarez.mx\/historico\/wp-json\/wp\/v2\/categories?post=24374"},{"taxonomy":"post_tag","embeddable":true,"href":"https:\/\/plazajuarez.mx\/historico\/wp-json\/wp\/v2\/tags?post=24374"}],"curies":[{"name":"wp","href":"https:\/\/api.w.org\/{rel}","templated":true}]}}