{"id":24373,"date":"2016-07-07T20:44:40","date_gmt":"2016-07-07T20:44:40","guid":{"rendered":"http:\/\/plazajuarez.mx\/index\/index.php\/2016\/07\/07\/suman-73-heridos-por-choque-en-veracruz\/"},"modified":"2016-07-07T20:44:40","modified_gmt":"2016-07-07T20:44:40","slug":"suman-73-heridos-por-choque-en-veracruz","status":"publish","type":"post","link":"https:\/\/plazajuarez.mx\/historico\/suman-73-heridos-por-choque-en-veracruz\/","title":{"rendered":"Suman 73 heridos por choque en Veracruz"},"content":{"rendered":"<p class=\"MsoNormal\" style=\"text-align: justify;\">Autoridades de Protecci\u00f3n Civil de Veracruz elevaron a 73 el n\u00famero de personas heridas por el choque de frente entre un autob\u00fas de pasajeros y un veh\u00edculo particular ocurrido la ma\u00f1ana de este jueves en la zona monta\u00f1osa central de Veracruz.<\/p>\n<p>  <!--more-->  <\/p>\n<p class=\"MsoNormal\" style=\"text-align: justify;\">\u00a0<\/p>\n<p class=\"MsoNormal\" style=\"text-align: justify;\">El fuerte impacto automovil\u00edstico ocurri\u00f3 a las 07:50 horas en la carretera estatal San Rafael Caleria\u2013El Baj\u00edo del municipio de C\u00f3rdoba, donde resultaron 73 personas lesionadas, inform\u00f3 la Secretar\u00eda de Protecci\u00f3n Civil estatal.<\/p>\n<p class=\"MsoNormal\" style=\"text-align: justify;\">Se trat\u00f3 del autob\u00fas marcado con el n\u00famero 254, el cual realizaba un viaje especial con 70 personas a bordo provenientes de la comunidad de Loma Grande con destino hacia la comunidad de San Rafael Caler\u00eda, donde recibir\u00edan el apoyo del programa Prospera.<\/p>\n<p class=\"MsoNormal\" style=\"text-align: justify;\">Testigos dijeron que el chofer del cami\u00f3n invadi\u00f3 carril contrario en una curva y choc\u00f3 de frente contra un veh\u00edculo Nissan Tsuru donde viajaban cuatro profesores de una escuela primaria. Tras el choque, el conductor del autob\u00fas perdi\u00f3 el control y termin\u00f3 volc\u00e1ndose en un barranco.<\/p>\n<p class=\"MsoNormal\" style=\"text-align: justify;\">Al lugar, detall\u00f3 la dependencia, se trasladaron ambulancias, bomberos y agrupaciones para rescatar a las personas que se encontraban atrapadas, as\u00ed como brindar pronta atenci\u00f3n m\u00e9dica a las decenas de lesionados.<\/p>\n<p class=\"MsoNormal\" style=\"text-align: justify;\">Los lesionados fueron trasladados a diversos nosocomios para recibir la atenci\u00f3n m\u00e9dica necesaria; al momento, se conoce que 54 fueron ingresados al Hospital Covadonga de C\u00f3rdoba, 14 al Covadonga de Orizaba y cinco m\u00e1s al General de C\u00f3rdoba.<\/p>\n<p style=\"text-align: justify;\">\u00a0<\/p>\n<p class=\"MsoNormal\" style=\"text-align: justify;\">De manera preliminar, no se registraron personas fallecidas en el accidente carretero, aunque algunos de los lesionados se encontraban en estado grave.<\/p>\n","protected":false},"excerpt":{"rendered":"<p>Autoridades de Protecci\u00f3n Civil de Veracruz elevaron a 73 el n\u00famero de personas heridas por el choque de frente entre un autob\u00fas de pasajeros y un veh\u00edculo particular ocurrido la ma\u00f1ana de este jueves en la zona monta\u00f1osa central de Veracruz.<\/p>\n","protected":false},"author":6,"featured_media":0,"comment_status":"open","ping_status":"open","sticky":false,"template":"","format":"standard","meta":{"footnotes":""},"categories":[37],"tags":[],"class_list":["post-24373","post","type-post","status-publish","format-standard","hentry","category-barandilla"],"_links":{"self":[{"href":"https:\/\/plazajuarez.mx\/historico\/wp-json\/wp\/v2\/posts\/24373","targetHints":{"allow":["GET"]}}],"collection":[{"href":"https:\/\/plazajuarez.mx\/historico\/wp-json\/wp\/v2\/posts"}],"about":[{"href":"https:\/\/plazajuarez.mx\/historico\/wp-json\/wp\/v2\/types\/post"}],"author":[{"embeddable":true,"href":"https:\/\/plazajuarez.mx\/historico\/wp-json\/wp\/v2\/users\/6"}],"replies":[{"embeddable":true,"href":"https:\/\/plazajuarez.mx\/historico\/wp-json\/wp\/v2\/comments?post=24373"}],"version-history":[{"count":0,"href":"https:\/\/plazajuarez.mx\/historico\/wp-json\/wp\/v2\/posts\/24373\/revisions"}],"wp:attachment":[{"href":"https:\/\/plazajuarez.mx\/historico\/wp-json\/wp\/v2\/media?parent=24373"}],"wp:term":[{"taxonomy":"category","embeddable":true,"href":"https:\/\/plazajuarez.mx\/historico\/wp-json\/wp\/v2\/categories?post=24373"},{"taxonomy":"post_tag","embeddable":true,"href":"https:\/\/plazajuarez.mx\/historico\/wp-json\/wp\/v2\/tags?post=24373"}],"curies":[{"name":"wp","href":"https:\/\/api.w.org\/{rel}","templated":true}]}}