{"id":24372,"date":"2016-07-07T20:42:21","date_gmt":"2016-07-07T20:42:21","guid":{"rendered":"http:\/\/plazajuarez.mx\/index\/index.php\/2016\/07\/07\/juez-emite-orden-de-aprehension-contra-chapodiputada\/"},"modified":"2016-07-07T20:42:21","modified_gmt":"2016-07-07T20:42:21","slug":"juez-emite-orden-de-aprehension-contra-chapodiputada","status":"publish","type":"post","link":"https:\/\/plazajuarez.mx\/historico\/juez-emite-orden-de-aprehension-contra-chapodiputada\/","title":{"rendered":"Juez emite orden de aprehensi\u00f3n contra \u201cChapodiputada\u201d"},"content":{"rendered":"<p class=\"MsoNormal\" style=\"text-align: justify;\">Un juez federal libr\u00f3 una orden de aprehensi\u00f3n en contra de la ex diputada Lucero Guadalupe S\u00e1nchez L\u00f3pez, tambi\u00e9n conocida como \u201cChapodiputada\u201d.<\/p>\n<p>  <!--more-->  <\/p>\n<p class=\"MsoNormal\" style=\"text-align: justify;\">\u00a0<\/p>\n<p class=\"MsoNormal\" style=\"text-align: justify;\">La orden fue solicitada por la Procuradur\u00eda General de la Rep\u00fablica (PGR) por presuntamente haber utilizado una credencial de elector falsa para visitar a Joaqu\u00edn \u201cEl Chapo\u201d Guzm\u00e1n en el penal de El Altiplano en septiembre de 2014.<\/p>\n<p class=\"MsoNormal\" style=\"text-align: justify;\">Fuentes de la PGR informaron que la orden fue obsequiada por el juez Tercero de Distrito en Procesos Penales Federales con sede en Toluca, Estado de M\u00e9xico, en la causa penal n\u00famero 15\/2016.<\/p>\n<p style=\"text-align: justify;\">\u00a0<\/p>\n<p class=\"MsoNormal\" style=\"text-align: justify;\">A pesar de ello, la legisladora no podr\u00e1 ser aprehendida debido a que cuenta con una suspensi\u00f3n otorgada por el Juez Segundo de Distrito en Sinaloa, pues el delito no es grave.<\/p>\n","protected":false},"excerpt":{"rendered":"<p>Un juez federal libr\u00f3 una orden de aprehensi\u00f3n en contra de la ex diputada Lucero Guadalupe S\u00e1nchez L\u00f3pez, tambi\u00e9n conocida como \u201cChapodiputada\u201d.<\/p>\n","protected":false},"author":6,"featured_media":0,"comment_status":"open","ping_status":"open","sticky":false,"template":"","format":"standard","meta":{"footnotes":""},"categories":[36],"tags":[],"class_list":["post-24372","post","type-post","status-publish","format-standard","hentry","category-nacion"],"_links":{"self":[{"href":"https:\/\/plazajuarez.mx\/historico\/wp-json\/wp\/v2\/posts\/24372","targetHints":{"allow":["GET"]}}],"collection":[{"href":"https:\/\/plazajuarez.mx\/historico\/wp-json\/wp\/v2\/posts"}],"about":[{"href":"https:\/\/plazajuarez.mx\/historico\/wp-json\/wp\/v2\/types\/post"}],"author":[{"embeddable":true,"href":"https:\/\/plazajuarez.mx\/historico\/wp-json\/wp\/v2\/users\/6"}],"replies":[{"embeddable":true,"href":"https:\/\/plazajuarez.mx\/historico\/wp-json\/wp\/v2\/comments?post=24372"}],"version-history":[{"count":0,"href":"https:\/\/plazajuarez.mx\/historico\/wp-json\/wp\/v2\/posts\/24372\/revisions"}],"wp:attachment":[{"href":"https:\/\/plazajuarez.mx\/historico\/wp-json\/wp\/v2\/media?parent=24372"}],"wp:term":[{"taxonomy":"category","embeddable":true,"href":"https:\/\/plazajuarez.mx\/historico\/wp-json\/wp\/v2\/categories?post=24372"},{"taxonomy":"post_tag","embeddable":true,"href":"https:\/\/plazajuarez.mx\/historico\/wp-json\/wp\/v2\/tags?post=24372"}],"curies":[{"name":"wp","href":"https:\/\/api.w.org\/{rel}","templated":true}]}}