{"id":243490,"date":"2022-12-26T15:02:13","date_gmt":"2022-12-26T21:02:13","guid":{"rendered":"https:\/\/plazajuarez.mx\/?p=243490"},"modified":"2022-12-26T15:22:26","modified_gmt":"2022-12-26T21:22:26","slug":"alianza_hidalgo","status":"publish","type":"post","link":"https:\/\/plazajuarez.mx\/historico\/alianza_hidalgo\/","title":{"rendered":"Alianza entre Hidalgo y Coneval fortalece el combate a la pobreza"},"content":{"rendered":"\n<ul class=\"wp-block-list\"><li>En los primeros 100 d\u00edas de gobierno firm\u00f3 un convenio con el Consejo Nacional de Evaluaci\u00f3n de la Pol\u00edtica de Desarrollo Social (Coneval)<\/li><\/ul>\n\n\n\n<p>Con el objeto de profesionalizar a la administraci\u00f3n p\u00fablica estatal en materia de monitoreo y proceso de evaluaci\u00f3n de las pol\u00edticas p\u00fablicas para combatir la pobreza en Hidalgo, el gobernador del Estado, Julio Menchaca Salazar, firm\u00f3 en sus primeros cien d\u00edas de gobierno un convenio de coordinaci\u00f3n con el Consejo Nacional de Evaluaci\u00f3n de la Pol\u00edtica de Desarrollo Social (Coneval).<\/p>\n\n\n\n<p>Ante el secretario ejecutivo de la Coneval, Jos\u00e9 Nabor Cruz Marcelo, el gobernador Julio Menchaca se\u00f1al\u00f3 que su administraci\u00f3n trabaja en certificaciones y se mantiene sujeto al an\u00e1lisis de la sociedad para dar resultados y la firma de este convenio significa tener un respaldo y una referencia para el Plan Estatal de Desarrollo y destac\u00f3 que el combate a la pobreza \u201cno solo es discurso pol\u00edtico\u201d, sino la posibilidad de medir los logros, pues todo lo que se mide se puede mejorar.<\/p>\n\n\n\n<p>\u201cEstamos sujetos a un minucioso an\u00e1lisis de la sociedad y debemos dar resultados\u201d, indic\u00f3 el gobernador Julio Menchaca Salazar<\/p>\n\n\n\n<p>Respecto a las cifras de pobreza en Hidalgo se\u00f1al\u00f3 que son lacerantes y se tendr\u00e1n que mejorar sustancialmente, mediante el correcto uso de los recursos p\u00fablicos, eliminar y combatir la corrupci\u00f3n, dirigir el dinero a lo que reclama la poblaci\u00f3n, las cuales constituyen \u201cla plataforma de nuestro proyecto de gobierno\u201d.<\/p>\n\n\n\n<p>Jos\u00e9 Nabor Cruz Marcelo, secretario ejecutivo del Coneval, se\u00f1al\u00f3 que, junto con la evaluaci\u00f3n de la pol\u00edtica de desarrollo social, se publican de forma sistem\u00e1tica los indicadores de pobreza con una perspectiva multidimensional, basados en seis dimensiones: rezago educativo, acceso a servicios de salud, acceso a seguridad social, calidad y espacios de la vivienda, servicios b\u00e1sicos y carencia por alimentaci\u00f3n.<\/p>\n\n\n\n<p>La informaci\u00f3n que genera el Coneval es una gu\u00eda para que los tres niveles de gobierno focalicen sus intervenciones; dirijan sus trabajos en aquellas \u00e1reas con mayores carencias. Los indicadores de monitoreo y los ejercicios de evaluaci\u00f3n ser\u00e1n clave para realizar un seguimiento continuo de sus intervenciones, reestructurarse y mejorar en aquellas que detecten.<\/p>\n\n\n\n<p>Cruz Marcelo destac\u00f3 que el convenio contempla realizar talleres y capacitaciones para servidores p\u00fablicos de todas las dependencias, sobre indicadores de monitoreo y procesos metodol\u00f3gicos de evaluaci\u00f3n, a fin de compartir los conocimientos para que se incorporen a la evaluaci\u00f3n de las intervenciones de planeaci\u00f3n y prospectiva, el resto de las dependencias y hasta los gobiernos municipales.<\/p>\n\n\n\n<p>El titular de la Unidad de Planeaci\u00f3n y Prospectiva, Miguel \u00c1ngel Tello Vargas, consider\u00f3 que para definir las \u00e1reas para combatir al enemigo m\u00e1s importante en el estado, que es la pobreza, la informaci\u00f3n proporcionada por el Coneval permitir\u00e1 que las pol\u00edticas p\u00fablicas de la actual administraci\u00f3n cumplan con este objetivo.<\/p>\n","protected":false},"excerpt":{"rendered":"<p>En los primeros 100 d\u00edas de gobierno firm\u00f3 un convenio con el Consejo Nacional de Evaluaci\u00f3n de la Pol\u00edtica de Desarrollo Social (Coneval) Con el objeto de profesionalizar a la administraci\u00f3n p\u00fablica estatal en materia de monitoreo y proceso de evaluaci\u00f3n de las pol\u00edticas p\u00fablicas para combatir la pobreza en Hidalgo, el gobernador del Estado, [&hellip;]<\/p>\n","protected":false},"author":93,"featured_media":243491,"comment_status":"closed","ping_status":"closed","sticky":false,"template":"","format":"standard","meta":{"footnotes":""},"categories":[15,59,2159],"tags":[],"class_list":["post-243490","post","type-post","status-publish","format-standard","has-post-thumbnail","hentry","category-destacadas","category-general","category-noticias-de-hidalgo"],"_links":{"self":[{"href":"https:\/\/plazajuarez.mx\/historico\/wp-json\/wp\/v2\/posts\/243490","targetHints":{"allow":["GET"]}}],"collection":[{"href":"https:\/\/plazajuarez.mx\/historico\/wp-json\/wp\/v2\/posts"}],"about":[{"href":"https:\/\/plazajuarez.mx\/historico\/wp-json\/wp\/v2\/types\/post"}],"author":[{"embeddable":true,"href":"https:\/\/plazajuarez.mx\/historico\/wp-json\/wp\/v2\/users\/93"}],"replies":[{"embeddable":true,"href":"https:\/\/plazajuarez.mx\/historico\/wp-json\/wp\/v2\/comments?post=243490"}],"version-history":[{"count":0,"href":"https:\/\/plazajuarez.mx\/historico\/wp-json\/wp\/v2\/posts\/243490\/revisions"}],"wp:featuredmedia":[{"embeddable":true,"href":"https:\/\/plazajuarez.mx\/historico\/wp-json\/wp\/v2\/media\/243491"}],"wp:attachment":[{"href":"https:\/\/plazajuarez.mx\/historico\/wp-json\/wp\/v2\/media?parent=243490"}],"wp:term":[{"taxonomy":"category","embeddable":true,"href":"https:\/\/plazajuarez.mx\/historico\/wp-json\/wp\/v2\/categories?post=243490"},{"taxonomy":"post_tag","embeddable":true,"href":"https:\/\/plazajuarez.mx\/historico\/wp-json\/wp\/v2\/tags?post=243490"}],"curies":[{"name":"wp","href":"https:\/\/api.w.org\/{rel}","templated":true}]}}