{"id":243479,"date":"2022-12-26T14:48:21","date_gmt":"2022-12-26T20:48:21","guid":{"rendered":"https:\/\/plazajuarez.mx\/?p=243479"},"modified":"2022-12-26T14:48:27","modified_gmt":"2022-12-26T20:48:27","slug":"cubre_boca-2","status":"publish","type":"post","link":"https:\/\/plazajuarez.mx\/historico\/cubre_boca-2\/","title":{"rendered":"Regresa uso obligatorio de cubrebocas a San Luis Potos\u00ed"},"content":{"rendered":"\n<p>&#8220;En cualquier momento y en cualquier lugar&#8221;, as\u00ed fue como el secretario de Salud de San Luis Potos\u00ed, Daniel Acosta D\u00edaz de Le\u00f3n, anunci\u00f3 este lunes el regreso de la obligatoriedad para todos los potosinos de usar cubrebocas en espacios abiertos y cerrados en toda la entidad hasta nuevo aviso.<\/p>\n\n\n\n<p>&#8220;Se ha tomado la decisi\u00f3n de que el uso de cubrebocas vuelve a ser obligatorio en todo el estado de San Luis Potos\u00ed&#8221;, coment\u00f3 en conferencia Acosta D\u00edaz de Le\u00f3n.<\/p>\n\n\n\n<p>Precis\u00f3 que la medida es temporal y que entra en vigor a partir de este lunes 26 de diciembre. Lo anterior busca hacer frente al alto \u00edndice de contagios diarios de Covid-19, as\u00ed como de enfermedades respiratorias que se han registrado en el estado, tras la temporada invernal.<\/p>\n\n\n\n<p>Y es que San Luis Potos\u00ed, por quinto d\u00eda consecutivo, registr\u00f3 m\u00e1s de 100 casos positivos de Covid-19, de los cuales 20 personas han tenido que ser hospitalizadas por casos graves. En las \u00faltimas 24 horas se contabilizaron 154 nuevas infecciones por el virus SARS-CoV-2, correspondientes a 95 mujeres y 59 hombres entre los 11 a los 82 a\u00f1os.<\/p>\n\n\n\n<p>Las autoridades sanitarias hicieron un llamado a la poblaci\u00f3n potosina y visitantes a reforzar el uso de medidas preventivas como: lavado constante de manos, uso de alcohol en gel, evitar aglomeraciones, ventilar espacios cerrados, as\u00ed como cuidar a personas vulnerables.<\/p>\n\n\n\n<p>Finalmente, el titular de la Secretar\u00eda de Salud del Estado, recomend\u00f3 a quienes presentan s\u00edntomas de infecciones respiratorias utilizar el cubrebocas, no automedicarse y recibir atenci\u00f3n m\u00e9dica, no creer que se trata de una gripe leve y as\u00ed evitar contagios.<\/p>\n\n\n\n<p>&#8220;La atenci\u00f3n temprana es la oportunidad que tenemos para evitar complicaciones&#8221;, puntualiz\u00f3.<\/p>\n","protected":false},"excerpt":{"rendered":"<p>&#8220;En cualquier momento y en cualquier lugar&#8221;, as\u00ed fue como el secretario de Salud de San Luis Potos\u00ed, Daniel Acosta D\u00edaz de Le\u00f3n, anunci\u00f3 este lunes el regreso de la obligatoriedad para todos los potosinos de usar cubrebocas en espacios abiertos y cerrados en toda la entidad hasta nuevo aviso. &#8220;Se ha tomado la decisi\u00f3n [&hellip;]<\/p>\n","protected":false},"author":81,"featured_media":243480,"comment_status":"closed","ping_status":"closed","sticky":false,"template":"","format":"standard","meta":{"footnotes":""},"categories":[2163],"tags":[],"class_list":["post-243479","post","type-post","status-publish","format-standard","has-post-thumbnail","hentry","category-noticias-de-slp"],"_links":{"self":[{"href":"https:\/\/plazajuarez.mx\/historico\/wp-json\/wp\/v2\/posts\/243479","targetHints":{"allow":["GET"]}}],"collection":[{"href":"https:\/\/plazajuarez.mx\/historico\/wp-json\/wp\/v2\/posts"}],"about":[{"href":"https:\/\/plazajuarez.mx\/historico\/wp-json\/wp\/v2\/types\/post"}],"author":[{"embeddable":true,"href":"https:\/\/plazajuarez.mx\/historico\/wp-json\/wp\/v2\/users\/81"}],"replies":[{"embeddable":true,"href":"https:\/\/plazajuarez.mx\/historico\/wp-json\/wp\/v2\/comments?post=243479"}],"version-history":[{"count":0,"href":"https:\/\/plazajuarez.mx\/historico\/wp-json\/wp\/v2\/posts\/243479\/revisions"}],"wp:featuredmedia":[{"embeddable":true,"href":"https:\/\/plazajuarez.mx\/historico\/wp-json\/wp\/v2\/media\/243480"}],"wp:attachment":[{"href":"https:\/\/plazajuarez.mx\/historico\/wp-json\/wp\/v2\/media?parent=243479"}],"wp:term":[{"taxonomy":"category","embeddable":true,"href":"https:\/\/plazajuarez.mx\/historico\/wp-json\/wp\/v2\/categories?post=243479"},{"taxonomy":"post_tag","embeddable":true,"href":"https:\/\/plazajuarez.mx\/historico\/wp-json\/wp\/v2\/tags?post=243479"}],"curies":[{"name":"wp","href":"https:\/\/api.w.org\/{rel}","templated":true}]}}