{"id":243476,"date":"2022-12-26T14:37:08","date_gmt":"2022-12-26T20:37:08","guid":{"rendered":"https:\/\/plazajuarez.mx\/?p=243476"},"modified":"2022-12-26T14:37:13","modified_gmt":"2022-12-26T20:37:13","slug":"tijuana_","status":"publish","type":"post","link":"https:\/\/plazajuarez.mx\/historico\/tijuana_\/","title":{"rendered":"Viven caos en aeropuerto de Tijuana"},"content":{"rendered":"\n<p> Cientos de viajeros se encuentran varados en el aeropuerto de Tijuana debido a retrasos y cancelaciones de \u00faltimo minuto provocados en los \u00faltimos d\u00edas por cuestiones climatol\u00f3gicas.<\/p>\n\n\n\n<p>Las quejas, que usuarios realizan en redes sociales se refieren, principalmente, a vuelos de las aerol\u00edneas Volaris y Vivaaerobus. Adem\u00e1s de los problemas con los vuelos, tambi\u00e9n denuncian un caos con las maletas y falta de informaci\u00f3n por parte de personal de las aerol\u00edneas.<\/p>\n\n\n\n<p>Medios locales reportan que el problema inici\u00f3 la tarde-noche del viernes, 23 de diciembre, cuando el aeropuerto debi\u00f3 ser cerrado por un banco de niebla.<\/p>\n\n\n\n<p>Grupo Aeroportuario del Pac\u00edfico inform\u00f3 que el cierre tuvo lugar de las 20:20 horas del viernes, hasta la 1:20 del s\u00e1bado, lo que provoc\u00f3 que 20 vuelos fueran desviados para su aterrizaje, 13 fueron retrasados y 57 cancelados, 21 de llegada y 36 de salida.<\/p>\n\n\n\n<p>A partir de entonces decenas de personas quedaron varadas esperando la normalizaci\u00f3n de los vuelos que, los usuarios denuncian, no ha ocurrido.<\/p>\n\n\n\n<p>Aerol\u00edneas no se hacen responsables, denuncian viajeros<\/p>\n\n\n\n<p>Los viajeros se\u00f1alan que las aerol\u00edneas, principalmente Volaris, no se han hecho responsables de los retrasos ni les han ofrecido compensaciones por los gastos extra que han tenido que hacer por esta situaci\u00f3n, como alimentos y hospedaje.<\/p>\n\n\n\n<p>Tambi\u00e9n se\u00f1alan que las l\u00edneas para documentar est\u00e1n tardando hasta cuatro horas.<\/p>\n\n\n\n<p>Sobre las maletas, reportaron que muchas que ya hab\u00edan sido documentados en vuelos que fueron cancelados, fueron sacadas a las salas de espera, sin ning\u00fan orden ni control.<\/p>\n\n\n\n<p>La situaci\u00f3n se sali\u00f3 de control la tarde del domingo, cuando varios pasajeros entraron a \u00e1reas restringidas. Otros se bajaron de los aviones y caminaron sobre las pistas, luego de horas de espera sin que el avi\u00f3n despegara, seg\u00fan se observa en videos.<\/p>\n\n\n\n<p>El usuario Rusell Valtierra public\u00f3 en Twitter: &#8220;Iniciamos el d\u00eda 4 sin poder despegar de Tijuana pero hoy ya nos aventaron las maletas al piso. Me han cancelado 5 vuelos. #Volaris y siguen vendiendo boletos&#8221;.<\/p>\n\n\n\n<p>Sin embargo, durante la conferencia ma\u00f1anera, David Aguilar, coordinador de divulgaci\u00f3n del Proyecto, report\u00f3 solamente la cancelaci\u00f3n de tres vuelos y 26 quejas.<\/p>\n\n\n\n<p>A trav\u00e9s de su cuenta de Twitter, Aeropuerto de Tijuana se\u00f1al\u00f3 que &#8220;la situaci\u00f3n que se vivi\u00f3 en d\u00edas anteriores fue at\u00edpica y corresponde a retrasos y cancelaciones por variantes climatol\u00f3gicas. Estamos reforzando servicios de limpieza en zonas p\u00fablicas&#8221;.<\/p>\n","protected":false},"excerpt":{"rendered":"<p>Cientos de viajeros se encuentran varados en el aeropuerto de Tijuana debido a retrasos y cancelaciones de \u00faltimo minuto provocados en los \u00faltimos d\u00edas por cuestiones climatol\u00f3gicas. Las quejas, que usuarios realizan en redes sociales se refieren, principalmente, a vuelos de las aerol\u00edneas Volaris y Vivaaerobus. Adem\u00e1s de los problemas con los vuelos, tambi\u00e9n denuncian [&hellip;]<\/p>\n","protected":false},"author":81,"featured_media":243477,"comment_status":"closed","ping_status":"closed","sticky":false,"template":"","format":"standard","meta":{"footnotes":""},"categories":[36],"tags":[],"class_list":["post-243476","post","type-post","status-publish","format-standard","has-post-thumbnail","hentry","category-nacion"],"_links":{"self":[{"href":"https:\/\/plazajuarez.mx\/historico\/wp-json\/wp\/v2\/posts\/243476","targetHints":{"allow":["GET"]}}],"collection":[{"href":"https:\/\/plazajuarez.mx\/historico\/wp-json\/wp\/v2\/posts"}],"about":[{"href":"https:\/\/plazajuarez.mx\/historico\/wp-json\/wp\/v2\/types\/post"}],"author":[{"embeddable":true,"href":"https:\/\/plazajuarez.mx\/historico\/wp-json\/wp\/v2\/users\/81"}],"replies":[{"embeddable":true,"href":"https:\/\/plazajuarez.mx\/historico\/wp-json\/wp\/v2\/comments?post=243476"}],"version-history":[{"count":0,"href":"https:\/\/plazajuarez.mx\/historico\/wp-json\/wp\/v2\/posts\/243476\/revisions"}],"wp:featuredmedia":[{"embeddable":true,"href":"https:\/\/plazajuarez.mx\/historico\/wp-json\/wp\/v2\/media\/243477"}],"wp:attachment":[{"href":"https:\/\/plazajuarez.mx\/historico\/wp-json\/wp\/v2\/media?parent=243476"}],"wp:term":[{"taxonomy":"category","embeddable":true,"href":"https:\/\/plazajuarez.mx\/historico\/wp-json\/wp\/v2\/categories?post=243476"},{"taxonomy":"post_tag","embeddable":true,"href":"https:\/\/plazajuarez.mx\/historico\/wp-json\/wp\/v2\/tags?post=243476"}],"curies":[{"name":"wp","href":"https:\/\/api.w.org\/{rel}","templated":true}]}}