{"id":243466,"date":"2022-12-26T14:31:07","date_gmt":"2022-12-26T20:31:07","guid":{"rendered":"https:\/\/plazajuarez.mx\/?p=243466"},"modified":"2022-12-26T14:31:13","modified_gmt":"2022-12-26T20:31:13","slug":"padres_debanhi","status":"publish","type":"post","link":"https:\/\/plazajuarez.mx\/historico\/padres_debanhi\/","title":{"rendered":"Padres de Debanhi conf\u00edan en que la FGR encuentre a culpables"},"content":{"rendered":"\n<p>Los padres de la joven Debanhi Susana Escobar Bazald\u00faa, que fue localizada sin vida el pasado 21 de abril, trece d\u00edas despu\u00e9s de su desaparici\u00f3n, dieron un voto de confianza para que la FGR que atrajo el caso, aclare el feminicidio de su hija, pues afirmaron que las autoridades de la instituci\u00f3n aut\u00f3noma federal &#8220;pueden y deben hacer las cosas bien&#8221;.<\/p>\n\n\n\n<p>Dolores Bazald\u00faa y Mario Escobar Salazar a trav\u00e9s de un video con motivo de la Navidad, dieron a conocer avances sobre el feminicidio de su hija Debanhi Susana, pues afirmaron que ya han tenido acercamientos con la FGR, que les ha estado notificando sobre las recientes actuaciones y diligencias que han llevado a cabo, derivadas de los escritos que la familia y los abogados de la Comisi\u00f3n Ejecutiva de Atenci\u00f3n a V\u00edctimas (CEAV), han presentado para buscar el esclarecimiento del caso.<\/p>\n\n\n\n<p>Un feminicidio que marc\u00f3 el 2022<\/p>\n\n\n\n<p>En dos semanas, la familia Escobar Bazald\u00faa qued\u00f3 fracturada para siempre: la m\u00e1s peque\u00f1a de sus integrantes, Debanhi Susana, de s\u00f3lo 18 a\u00f1os, desapareci\u00f3 en una de las carreteras m\u00e1s peligrosas del pa\u00eds y luego fue hallada sin vida en una cisterna, a metros de donde siempre fue buscada. En medio de d\u00edas de investigaciones, protestas y, sobre todo muchas preguntas. Ella fue v\u00edctima de feminicidio.<\/p>\n\n\n\n<p>Todo comenz\u00f3 la noche del viernes 8 de abril, mientras Debanhi se arreglaba para ir a una fiesta. Su madre, Dolores Bazald\u00faa, le pidi\u00f3 que no fuera, porque ten\u00edan que viajar para tomar sus vacaciones antes del regreso a clases, ya que tanto ella como su esposo son maestros. La joven la convenci\u00f3 con el argumento de que regresar\u00eda pronto.<\/p>\n\n\n\n<p>Hasta 11 d\u00edas despu\u00e9s de su desaparici\u00f3n y dos d\u00edas antes del hallazgo del cuerpo, la fiscal\u00eda le mostr\u00f3 al padre de la joven un video en el que se observa que Juan David dirigi\u00f3 su mano hacia los pechos de su hija, lo que habr\u00eda detonado que ella bajara del auto. Pese a ello, acusa el padre de Debanhi, el titular de la Fiscal\u00eda Especializada en Personas Desaparecidas, Rodolfo Salinas, protege al acosador, al sostener que no hab\u00eda delito que perseguir.<\/p>\n\n\n\n<p>Durante los 13 d\u00edas de b\u00fasqueda, Mario Escobar, su esposa, voluntarios, as\u00ed como otros familiares y amigos de Debanhi trataron de localizarla. Su lugar de reuni\u00f3n para las jornadas diarias lo establecieron a la sombra de un \u00e1rbol ubicado frente al motel Nueva Castilla, y apenas a unos 25 metros de la cisterna donde fue localizado el cuerpo de la estudiante de Derecho.<\/p>\n","protected":false},"excerpt":{"rendered":"<p>Los padres de la joven Debanhi Susana Escobar Bazald\u00faa, que fue localizada sin vida el pasado 21 de abril, trece d\u00edas despu\u00e9s de su desaparici\u00f3n, dieron un voto de confianza para que la FGR que atrajo el caso, aclare el feminicidio de su hija, pues afirmaron que las autoridades de la instituci\u00f3n aut\u00f3noma federal &#8220;pueden [&hellip;]<\/p>\n","protected":false},"author":81,"featured_media":243469,"comment_status":"closed","ping_status":"closed","sticky":false,"template":"","format":"standard","meta":{"footnotes":""},"categories":[36],"tags":[],"class_list":["post-243466","post","type-post","status-publish","format-standard","has-post-thumbnail","hentry","category-nacion"],"_links":{"self":[{"href":"https:\/\/plazajuarez.mx\/historico\/wp-json\/wp\/v2\/posts\/243466","targetHints":{"allow":["GET"]}}],"collection":[{"href":"https:\/\/plazajuarez.mx\/historico\/wp-json\/wp\/v2\/posts"}],"about":[{"href":"https:\/\/plazajuarez.mx\/historico\/wp-json\/wp\/v2\/types\/post"}],"author":[{"embeddable":true,"href":"https:\/\/plazajuarez.mx\/historico\/wp-json\/wp\/v2\/users\/81"}],"replies":[{"embeddable":true,"href":"https:\/\/plazajuarez.mx\/historico\/wp-json\/wp\/v2\/comments?post=243466"}],"version-history":[{"count":0,"href":"https:\/\/plazajuarez.mx\/historico\/wp-json\/wp\/v2\/posts\/243466\/revisions"}],"wp:featuredmedia":[{"embeddable":true,"href":"https:\/\/plazajuarez.mx\/historico\/wp-json\/wp\/v2\/media\/243469"}],"wp:attachment":[{"href":"https:\/\/plazajuarez.mx\/historico\/wp-json\/wp\/v2\/media?parent=243466"}],"wp:term":[{"taxonomy":"category","embeddable":true,"href":"https:\/\/plazajuarez.mx\/historico\/wp-json\/wp\/v2\/categories?post=243466"},{"taxonomy":"post_tag","embeddable":true,"href":"https:\/\/plazajuarez.mx\/historico\/wp-json\/wp\/v2\/tags?post=243466"}],"curies":[{"name":"wp","href":"https:\/\/api.w.org\/{rel}","templated":true}]}}