{"id":243450,"date":"2022-12-26T14:23:41","date_gmt":"2022-12-26T20:23:41","guid":{"rendered":"https:\/\/plazajuarez.mx\/?p=243450"},"modified":"2022-12-26T14:27:39","modified_gmt":"2022-12-26T20:27:39","slug":"amanda_","status":"publish","type":"post","link":"https:\/\/plazajuarez.mx\/historico\/amanda_\/","title":{"rendered":"Amanda Miguel pasa la primera Navidad sin Diego"},"content":{"rendered":"\n<p> Dentro de un mes, se cumplir\u00e1 un a\u00f1o desde que Diego Verdaguer perdi\u00f3 la vida, luego de enfrentarse a una dura batalla contra el Covid-19, dejando a Amanda Miguel y Ana Victoria, su esposa e hija, con un gran vac\u00edo en sus corazones, motivo por el cual la cantante argentina lo record\u00f3 a trav\u00e9s de un mensaje, a prop\u00f3sito de las fiestas decembrinas, pues es la primera Navidad que pasa sin \u00e9l.<\/p>\n\n\n\n<p>Este 27 de enero se cumplir\u00e1 el primer aniversario luctuoso de Diego Verdaguer, quien se hab\u00eda contagiado de Covid-19, luego de acudir a una junta de trabajo a principios de diciembre de 2021, de acuerdo con lo relatado por el compositor Gustavo Far\u00edas, una de las \u00faltimas personas que convivi\u00f3 con el cantante que, as\u00ed como \u00e9l, tambi\u00e9n contrajo la enfermedad.<\/p>\n\n\n\n<p>Mientras cada uno de ellos viv\u00eda el aislamiento \u2013record\u00f3- \u00e9l y Diego hablaban de su evoluci\u00f3n de la enfermedad, hasta que lleg\u00f3 un momento en el que se abocaron a seguir hablando de m\u00fasica y los proyectos que ten\u00edan en puerta, pero luego del A\u00f1o Nuevo, dej\u00f3 de escribirse con Verdaguer, todav\u00eda sin sospechar que el virus hab\u00eda agravado la situaci\u00f3n del cantante.<\/p>\n\n\n\n<p>En esas mismas declaraciones, Far\u00edas confes\u00f3 que Amanda Miguel tambi\u00e9n hab\u00eda padeci\u00f3 Covid-19 y que, casi un mes despu\u00e9s, de haber entablado sus \u00faltimas conversaciones por mensajer\u00eda con Diego, se enter\u00f3 de su fallecimiento.<\/p>\n\n\n\n<p>Pero, a diferencia del compositor, la familia de Verdaguer se mantuvo herm\u00e9tica acerca de los pormenores del deceso, pues, en su momento, fue mucho lo que se dijo acerca de que el cantante argentino se hab\u00eda reusado a vacunarse en contra del SARS-CoV-2 que, si bien, no previene la enfermedad, ayuda a inhibir sus s\u00edntomas.<\/p>\n\n\n\n<p>Es hasta ahora, a casi un a\u00f1o de su partida, que Ana Gabriel y Ana Victoria comienzan a sincerarse y abrir su coraz\u00f3n con el p\u00fablico y los medios, expresando lo dif\u00edcil que ha sido este a\u00f1o para ellas, sobre todo para su esposa, pues con Diego ten\u00eda una conexi\u00f3n muy especial que, a 46 a\u00f1os de matrimonio, segu\u00edan habl\u00e1ndose de todo; sus proyectos y sus sentimientos.<\/p>\n\n\n\n<p>Y aunque fue un a\u00f1o de mucho dolor, la cantante y su hija expresaron que la llegada de Lucca, el primog\u00e9nito de Ana Victoria, las ayud\u00f3 a lidiar con el dolor de perder al pilar de su familia, quien tuvo la oportunidad de conocer a su nieto poco antes de morir.<\/p>\n\n\n\n<p>En este contexto, Amanda Miguel recurri\u00f3 a sus redes sociales para desearle felices fiestas a sus seguidores esta Navidad y, por supuesto, no perdi\u00f3 la oportunidad para hacer una menci\u00f3n de Diego, a quien recuerda cada uno de sus d\u00edas:<\/p>\n\n\n\n<p>&#8220;Amigos, quiero felicitarlos y desearles para esta Navidad que encuentren en su coraz\u00f3n paz y regocijo de vivir esta vida maravillosa que Dios nos est\u00e1 regalando&#8221;, expres\u00f3.<\/p>\n\n\n\n<p>Lee tambi\u00e9n: A 22 a\u00f1os del estreno de &#8220;El Grinch&#8221;, usuaria se percata de un error en la pel\u00edcula<\/p>\n\n\n\n<p>Adem\u00e1s, la int\u00e9rprete de &#8220;El me minti\u00f3&#8221; destac\u00f3 que una fecha como esta serv\u00eda, principalmente, para estar con una o uno mismo, con la finalidad de encontrar la paz y la felicidad en la que toda la humanidad est\u00e1 en b\u00fasqueda.<\/p>\n\n\n\n<p>&#8220;Con todo el coraz\u00f3n quiero decirles que abracen muy fuerte a sus seres queridos, d\u00edganles que los aman y no s\u00f3lo hoy, todos los d\u00edas&#8221;, profundiz\u00f3.<\/p>\n\n\n\n<p>Y as\u00ed como extern\u00f3 sus deseos, la cantante habl\u00f3 de c\u00f3mo la estaba pasando en su primera Navidad sin su esposo:<\/p>\n\n\n\n<p>&#8220;Hoy es un d\u00eda diferente, pero mando un beso al cielo, s\u00e9 que Diego Verdaguer est\u00e1 feliz de ver a Ana Victoria y a m\u00ed sonre\u00edr. \u00a1Feliz Navidad!&#8221;, remat\u00f3.<\/p>\n","protected":false},"excerpt":{"rendered":"<p>Dentro de un mes, se cumplir\u00e1 un a\u00f1o desde que Diego Verdaguer perdi\u00f3 la vida, luego de enfrentarse a una dura batalla contra el Covid-19, dejando a Amanda Miguel y Ana Victoria, su esposa e hija, con un gran vac\u00edo en sus corazones, motivo por el cual la cantante argentina lo record\u00f3 a trav\u00e9s de [&hellip;]<\/p>\n","protected":false},"author":81,"featured_media":243451,"comment_status":"closed","ping_status":"closed","sticky":false,"template":"","format":"standard","meta":{"footnotes":""},"categories":[38],"tags":[],"class_list":["post-243450","post","type-post","status-publish","format-standard","has-post-thumbnail","hentry","category-show"],"_links":{"self":[{"href":"https:\/\/plazajuarez.mx\/historico\/wp-json\/wp\/v2\/posts\/243450","targetHints":{"allow":["GET"]}}],"collection":[{"href":"https:\/\/plazajuarez.mx\/historico\/wp-json\/wp\/v2\/posts"}],"about":[{"href":"https:\/\/plazajuarez.mx\/historico\/wp-json\/wp\/v2\/types\/post"}],"author":[{"embeddable":true,"href":"https:\/\/plazajuarez.mx\/historico\/wp-json\/wp\/v2\/users\/81"}],"replies":[{"embeddable":true,"href":"https:\/\/plazajuarez.mx\/historico\/wp-json\/wp\/v2\/comments?post=243450"}],"version-history":[{"count":0,"href":"https:\/\/plazajuarez.mx\/historico\/wp-json\/wp\/v2\/posts\/243450\/revisions"}],"wp:featuredmedia":[{"embeddable":true,"href":"https:\/\/plazajuarez.mx\/historico\/wp-json\/wp\/v2\/media\/243451"}],"wp:attachment":[{"href":"https:\/\/plazajuarez.mx\/historico\/wp-json\/wp\/v2\/media?parent=243450"}],"wp:term":[{"taxonomy":"category","embeddable":true,"href":"https:\/\/plazajuarez.mx\/historico\/wp-json\/wp\/v2\/categories?post=243450"},{"taxonomy":"post_tag","embeddable":true,"href":"https:\/\/plazajuarez.mx\/historico\/wp-json\/wp\/v2\/tags?post=243450"}],"curies":[{"name":"wp","href":"https:\/\/api.w.org\/{rel}","templated":true}]}}