{"id":243442,"date":"2022-12-26T13:47:02","date_gmt":"2022-12-26T19:47:02","guid":{"rendered":"https:\/\/plazajuarez.mx\/?p=243442"},"modified":"2022-12-26T13:47:07","modified_gmt":"2022-12-26T19:47:07","slug":"antonio_","status":"publish","type":"post","link":"https:\/\/plazajuarez.mx\/historico\/antonio_\/","title":{"rendered":"Antonio Carlos Santos estalla contra renovaci\u00f3n Miguel Lay\u00fan"},"content":{"rendered":"\n<p>La renovaci\u00f3n de Miguel Lay\u00fan con las \u00c1guilas del Am\u00e9rica no fue tomada de la mejor manera por cientos de aficionados americanistas, quienes mediante sus redes sociales mostraron su enojo por la continuidad en el plantel por un a\u00f1o.<\/p>\n\n\n\n<p>Uno de los que levant\u00f3 la voz con fuerza por la situaci\u00f3n fue Antonio Carlos Santos, exjugador del Club Am\u00e9rica que en dos etapas consigui\u00f3 ocho t\u00edtulos con la instituci\u00f3n.<\/p>\n\n\n\n<p>El brasile\u00f1o coment\u00f3 el video del equipo con la noticia, asegurando no entender la permanencia de Miguel Lay\u00fan, incluso tach\u00e1ndolo de malo.<\/p>\n\n\n\n<p>&#8220;No mames es mal\u00edsimo&#8221;, escribi\u00f3 en su cuenta de instagram, r\u00e1pidamente recibiendo comentarios que en su mayor\u00eda le daban la raz\u00f3n y compart\u00edan su molestia por la decisi\u00f3n.<\/p>\n","protected":false},"excerpt":{"rendered":"<p>La renovaci\u00f3n de Miguel Lay\u00fan con las \u00c1guilas del Am\u00e9rica no fue tomada de la mejor manera por cientos de aficionados americanistas, quienes mediante sus redes sociales mostraron su enojo por la continuidad en el plantel por un a\u00f1o. Uno de los que levant\u00f3 la voz con fuerza por la situaci\u00f3n fue Antonio Carlos Santos, [&hellip;]<\/p>\n","protected":false},"author":81,"featured_media":243443,"comment_status":"closed","ping_status":"closed","sticky":false,"template":"","format":"standard","meta":{"footnotes":""},"categories":[39],"tags":[],"class_list":["post-243442","post","type-post","status-publish","format-standard","has-post-thumbnail","hentry","category-deportiva"],"_links":{"self":[{"href":"https:\/\/plazajuarez.mx\/historico\/wp-json\/wp\/v2\/posts\/243442","targetHints":{"allow":["GET"]}}],"collection":[{"href":"https:\/\/plazajuarez.mx\/historico\/wp-json\/wp\/v2\/posts"}],"about":[{"href":"https:\/\/plazajuarez.mx\/historico\/wp-json\/wp\/v2\/types\/post"}],"author":[{"embeddable":true,"href":"https:\/\/plazajuarez.mx\/historico\/wp-json\/wp\/v2\/users\/81"}],"replies":[{"embeddable":true,"href":"https:\/\/plazajuarez.mx\/historico\/wp-json\/wp\/v2\/comments?post=243442"}],"version-history":[{"count":0,"href":"https:\/\/plazajuarez.mx\/historico\/wp-json\/wp\/v2\/posts\/243442\/revisions"}],"wp:featuredmedia":[{"embeddable":true,"href":"https:\/\/plazajuarez.mx\/historico\/wp-json\/wp\/v2\/media\/243443"}],"wp:attachment":[{"href":"https:\/\/plazajuarez.mx\/historico\/wp-json\/wp\/v2\/media?parent=243442"}],"wp:term":[{"taxonomy":"category","embeddable":true,"href":"https:\/\/plazajuarez.mx\/historico\/wp-json\/wp\/v2\/categories?post=243442"},{"taxonomy":"post_tag","embeddable":true,"href":"https:\/\/plazajuarez.mx\/historico\/wp-json\/wp\/v2\/tags?post=243442"}],"curies":[{"name":"wp","href":"https:\/\/api.w.org\/{rel}","templated":true}]}}