{"id":24327,"date":"2016-07-07T11:19:52","date_gmt":"2016-07-07T11:19:52","guid":{"rendered":"http:\/\/plazajuarez.mx\/index\/index.php\/2016\/07\/07\/atrae-pgr-investigaciones-sobre-nochixtlan\/"},"modified":"2016-07-07T11:19:52","modified_gmt":"2016-07-07T11:19:52","slug":"atrae-pgr-investigaciones-sobre-nochixtlan","status":"publish","type":"post","link":"https:\/\/plazajuarez.mx\/historico\/atrae-pgr-investigaciones-sobre-nochixtlan\/","title":{"rendered":"Atrae PGR investigaciones sobre Nochixtl\u00e1n"},"content":{"rendered":"<p style=\"text-align: justify;\">Incluye indagatorias iniciadas por fiscal\u00eda oaxaque\u00f1a<br \/>\u25cf\u00a0\u00a0\u00a0 \u201cExiste el compromiso de actuar con estricto apego a los Derechos Humanos\u201d<\/p>\n<p>  <!--more-->  <\/p>\n<p style=\"text-align: justify;\">La Procuradur\u00eda General de la Rep\u00fablica atrajo al \u00e1mbito federal todas las investigaciones relacionadas con los acontecimientos ocurridos en la comunidad de Nochixtl\u00e1n, Oaxaca, donde se registraron enfrentamientos de la Polic\u00eda Federal con integrantes de la CNTE y de organizaciones sociales, que dejaron un saldo de nueve personas fallecidas.<br \/>El subprocurador de Control Regional, Procedimientos Penales y Amparo, Gilberto Higuera Bernal, dio a conocer lo anterior y se\u00f1al\u00f3 que todas las indagatorias que se iniciaron por parte de la fiscal\u00eda de Oaxaca tambi\u00e9n ser\u00e1n del conocimiento del Ministerio P\u00fablico Federal.<br \/>Se\u00f1al\u00f3 que existe el compromiso de actuar con estricto apego a los derechos humanos y que se sancionar\u00e1 a los culpables de lo ocurrido, adem\u00e1s de brindar garant\u00edas a las v\u00edctimas de lo sucedido.<\/p>\n<p style=\"text-align: justify;\"><strong>CNDH REPORTA QUE A\u00daN HAY DOS DESAPARECIDOS POR NOCHIXTL\u00c1N <\/strong><\/p>\n<p>A m\u00e1s de tres semanas de los hechos violentos en Asunci\u00f3n Nochixtl\u00e1n, la Comisi\u00f3n Nacional de los Derechos Humanos (CNDH) inform\u00f3 que a\u00fan hay dos personas reportadas como desaparecidas, aunque dijo que desconoce si participaron o no en el enfrentamiento ocurrido el 19 de junio.<br \/>Cuestionado acerca de si la Secci\u00f3n 22, que simpatiza con la CNTE, viola o no garant\u00edas de ciudadanos al libre tr\u00e1nsito con sus bloqueos, el segundo Visitador General de la Comisi\u00f3n Nacional de los Derechos Humanos, Enrique Guadarrama L\u00f3pez, evadi\u00f3 responder y dijo que es tema de la mesa de negociaci\u00f3n con la Secretar\u00eda de Gobernaci\u00f3n.<br \/>\u201cNo lo s\u00e9, me imagino que lo est\u00e1n viendo\u201d, manifest\u00f3 en conferencia de prensa; expres\u00f3 tambi\u00e9n que hasta el momento desconoce con precisi\u00f3n el n\u00famero de v\u00edctimas y heridos, as\u00ed como el calibre de las balas y qu\u00e9 partes son las que dispararon, pues las autoridades estatales y federales no han rendido los informes que le requirieron.<br \/>Precis\u00f3 adem\u00e1s que contin\u00faan con la recolecci\u00f3n de datos para determinar qu\u00e9 tipo de derechos se violaron y qui\u00e9nes son los autores de ello. Insisti\u00f3 en que la labor del organismo nacional es recabar informaci\u00f3n para elaborar un expediente, de cuya conclusi\u00f3n y difusi\u00f3n p\u00fablica a\u00fan no hay fecha.<\/p>\n","protected":false},"excerpt":{"rendered":"<p>Incluye indagatorias iniciadas por fiscal\u00eda oaxaque\u00f1a\u25cf\u00a0\u00a0\u00a0 \u201cExiste el compromiso de actuar con estricto apego a los Derechos Humanos\u201d<\/p>\n","protected":false},"author":93,"featured_media":0,"comment_status":"open","ping_status":"open","sticky":false,"template":"","format":"standard","meta":{"footnotes":""},"categories":[36],"tags":[],"class_list":["post-24327","post","type-post","status-publish","format-standard","hentry","category-nacion"],"_links":{"self":[{"href":"https:\/\/plazajuarez.mx\/historico\/wp-json\/wp\/v2\/posts\/24327","targetHints":{"allow":["GET"]}}],"collection":[{"href":"https:\/\/plazajuarez.mx\/historico\/wp-json\/wp\/v2\/posts"}],"about":[{"href":"https:\/\/plazajuarez.mx\/historico\/wp-json\/wp\/v2\/types\/post"}],"author":[{"embeddable":true,"href":"https:\/\/plazajuarez.mx\/historico\/wp-json\/wp\/v2\/users\/93"}],"replies":[{"embeddable":true,"href":"https:\/\/plazajuarez.mx\/historico\/wp-json\/wp\/v2\/comments?post=24327"}],"version-history":[{"count":0,"href":"https:\/\/plazajuarez.mx\/historico\/wp-json\/wp\/v2\/posts\/24327\/revisions"}],"wp:attachment":[{"href":"https:\/\/plazajuarez.mx\/historico\/wp-json\/wp\/v2\/media?parent=24327"}],"wp:term":[{"taxonomy":"category","embeddable":true,"href":"https:\/\/plazajuarez.mx\/historico\/wp-json\/wp\/v2\/categories?post=24327"},{"taxonomy":"post_tag","embeddable":true,"href":"https:\/\/plazajuarez.mx\/historico\/wp-json\/wp\/v2\/tags?post=24327"}],"curies":[{"name":"wp","href":"https:\/\/api.w.org\/{rel}","templated":true}]}}