{"id":24325,"date":"2016-07-07T11:19:19","date_gmt":"2016-07-07T11:19:19","guid":{"rendered":"http:\/\/plazajuarez.mx\/index\/index.php\/2016\/07\/07\/la-haya-carece-de-competencias-para-sancionarlos\/"},"modified":"2016-07-07T11:19:19","modified_gmt":"2016-07-07T11:19:19","slug":"la-haya-carece-de-competencias-para-sancionarlos","status":"publish","type":"post","link":"https:\/\/plazajuarez.mx\/historico\/la-haya-carece-de-competencias-para-sancionarlos\/","title":{"rendered":"La Haya carece de competencias para sancionarlos"},"content":{"rendered":"<p style=\"text-align: justify;\">Bush, Blair y Aznar, el error de elegirlos <br \/>\u25cf\u00a0\u00a0\u00a0 Aunque desde el punto de vista legal el acto puede constituir un crimen de agresi\u00f3n entre Estados, del que se deriva una responsabilidad internacional, sancionar a sus responsables no es f\u00e1cil<\/p>\n<p>  <!--more-->  <\/p>\n<p style=\"text-align: justify;\">Si bien el crimen de agresi\u00f3n figura desde 2010 Estatuto de Roma, texto fundacional de la Corte, su capacidad para abordarlo no ha sido \u201cactivada\u201d. No tiene jurisdicci\u00f3n hasta que al menos 30 Estados hayan ratificado la enmienda, y dos tercios de los mismos hayan decidido activar la jurisdicci\u00f3n a partir del 1 de enero de 2017 <br \/>A la vista de las conclusiones del informe Chilcot, puede decirse que EU, Reino Unido y Espa\u00f1a encabezaron en 2003 una coalici\u00f3n que deslegitim\u00f3 el sistema jur\u00eddico internacional para usar la fuerza. En este caso, para invadir Irak con objeto de \u201cdesarmar al pa\u00eds de su arsenal de destrucci\u00f3n masiva\u201d, en palabras del entonces presidente de EEUU George W. Bush. <br \/>Un armamento cuya existencia nunca fue demostrada ni tampoco se encontr\u00f3. Aunque desde el punto de vista legal el acto puede constituir un crimen de agresi\u00f3n entre Estados, del que se deriva una responsabilidad internacional, sancionar a sus responsables no es f\u00e1cil. La instancia adecuada para ello es la Corte Penal Internacional (CPI), el \u00fanico foro permanente para juzgar el genocidio y los cr\u00edmenes de guerra y contra la humanidad. Pero todav\u00eda no tiene competencias para este delito.<br \/>La resoluci\u00f3n 1441, dictada el 8 de noviembre de 2002 por el Consejo de Seguridad, dando un ultim\u00e1tum a Irak para que permitiera las inspecciones de su supuesto arsenal militar, no descart\u00f3 el uso de la fuerza. Pero tampoco lo autoriz\u00f3 expresamente. Para eso hac\u00eda falta otra resoluci\u00f3n, que no lleg\u00f3 a aprobarse ante la decisi\u00f3n de los tres mandatarios de invadir.<\/p>\n","protected":false},"excerpt":{"rendered":"<p>Bush, Blair y Aznar, el error de elegirlos \u25cf\u00a0\u00a0\u00a0 Aunque desde el punto de vista legal el acto puede constituir un crimen de agresi\u00f3n entre Estados, del que se deriva una responsabilidad internacional, sancionar a sus responsables no es f\u00e1cil<\/p>\n","protected":false},"author":93,"featured_media":0,"comment_status":"open","ping_status":"open","sticky":false,"template":"","format":"standard","meta":{"footnotes":""},"categories":[31],"tags":[],"class_list":["post-24325","post","type-post","status-publish","format-standard","hentry","category-orbe"],"_links":{"self":[{"href":"https:\/\/plazajuarez.mx\/historico\/wp-json\/wp\/v2\/posts\/24325","targetHints":{"allow":["GET"]}}],"collection":[{"href":"https:\/\/plazajuarez.mx\/historico\/wp-json\/wp\/v2\/posts"}],"about":[{"href":"https:\/\/plazajuarez.mx\/historico\/wp-json\/wp\/v2\/types\/post"}],"author":[{"embeddable":true,"href":"https:\/\/plazajuarez.mx\/historico\/wp-json\/wp\/v2\/users\/93"}],"replies":[{"embeddable":true,"href":"https:\/\/plazajuarez.mx\/historico\/wp-json\/wp\/v2\/comments?post=24325"}],"version-history":[{"count":0,"href":"https:\/\/plazajuarez.mx\/historico\/wp-json\/wp\/v2\/posts\/24325\/revisions"}],"wp:attachment":[{"href":"https:\/\/plazajuarez.mx\/historico\/wp-json\/wp\/v2\/media?parent=24325"}],"wp:term":[{"taxonomy":"category","embeddable":true,"href":"https:\/\/plazajuarez.mx\/historico\/wp-json\/wp\/v2\/categories?post=24325"},{"taxonomy":"post_tag","embeddable":true,"href":"https:\/\/plazajuarez.mx\/historico\/wp-json\/wp\/v2\/tags?post=24325"}],"curies":[{"name":"wp","href":"https:\/\/api.w.org\/{rel}","templated":true}]}}