{"id":24324,"date":"2016-07-07T11:19:10","date_gmt":"2016-07-07T11:19:10","guid":{"rendered":"http:\/\/plazajuarez.mx\/index\/index.php\/2016\/07\/07\/obama-declara-a-clinton-garante-de-su-legado\/"},"modified":"2016-07-07T11:19:10","modified_gmt":"2016-07-07T11:19:10","slug":"obama-declara-a-clinton-garante-de-su-legado","status":"publish","type":"post","link":"https:\/\/plazajuarez.mx\/historico\/obama-declara-a-clinton-garante-de-su-legado\/","title":{"rendered":"Obama declara a Clinton garante de su legado"},"content":{"rendered":"<p style=\"text-align: justify;\">Elecciones Estados Unidos 2016<br \/>\u25cf\u00a0\u00a0\u00a0 &#8220;Hillary a veces no recibe el reconocimiento que merece&#8221;, dijo el presidente en el primer acto de campa\u00f1a en el que participa para apoyar a la candidata<\/p>\n<p>  <!--more-->  <\/p>\n<p style=\"text-align: justify;\">La de Obama y Clinton ha sido una relaci\u00f3n dif\u00edcil: su enfrentamiento en las primarias de 2008 result\u00f3 encarnizado pero luego la nombr\u00f3 secretaria de Estado, un papel que ahora le sirve de credencial. Ambos recordaron aquella dura pelea. &#8220;Pude ver lo inteligente y preparada que estaba, en los debates me sacud\u00eda, se sab\u00eda cada hecho, cada detalle. Ella es una mujer de Estado que nos har\u00e1 sentir orgullosos en todo el mundo\u201d, frente a una alternativa de \u201cbravuconadas que no nos har\u00e1n sentir m\u00e1s seguros\u201d.\u00a0En otro tiempo rivales feroces, Barack Obama y Hillary Clinton compartieron la noche del martes escenario en su primer mitin conjunto y escenificaron un cierre de filas del partido en torno a Clinton que contrasta con el desconcierto y las divisiones que a\u00fan provoca la candidatura de Donald Trump entre los republicanos. Obama irrumpi\u00f3 en la campa\u00f1a con un encendido alegato a favor de la ex secretaria de Estado, a quien design\u00f3 as\u00ed garante de su legado.<br \/>\u201cCreo en Hillary Clinton\u201d, dijo en Charlotte (Carolina del Norte), un Obama entusiasta, que recordaba a la fiebre que desataba en los m\u00edtines de 2008. \u201cTodo el mundo sabe tuitear\u201d, dijo lanzando un dardo a Trump, pero gobernar es diferente \u201cy Clinton ha sido probada, ha estado en las reuniones, ha participado en la toma de determinaciones y ha visto las consecuencias de lo que funciona y lo que no\u201d. <br \/>Obama se declar\u00f3 listo para &#8220;pasar el testigo&#8221; a quien considera &#8220;la persona m\u00e1s preparada que ha habido nunca&#8221; para la presidencia estadounidense.<br \/>El apoyo de Obama es un activo de oro para Clinton. El presidente goza de un ratio de aprobaci\u00f3n del 56% a escala nacional, el m\u00e1s alto desde la ejecuci\u00f3n de Osama bin Laden, y puede ayudarle a conectar con el voto joven que se le ha resistido a Clinton.<br \/>\u201cHillary no recibe a veces el cr\u00e9dito que se merece\u201d, dijo Obama en este sentido, debido a la atracci\u00f3n por \u201clo nuevo\u201d del electorado, algo de lo que, seg\u00fan admiti\u00f3, \u00e9l mismo se hab\u00eda beneficiado, pero que puede llegar a un absurdo: \u201cQue haber hecho cosas, haber estado en la trinchera, no fuera una virtud\u201d.<\/p>\n","protected":false},"excerpt":{"rendered":"<p>Elecciones Estados Unidos 2016\u25cf\u00a0\u00a0\u00a0 &#8220;Hillary a veces no recibe el reconocimiento que merece&#8221;, dijo el presidente en el primer acto de campa\u00f1a en el que participa para apoyar a la candidata<\/p>\n","protected":false},"author":93,"featured_media":0,"comment_status":"open","ping_status":"open","sticky":false,"template":"","format":"standard","meta":{"footnotes":""},"categories":[31],"tags":[],"class_list":["post-24324","post","type-post","status-publish","format-standard","hentry","category-orbe"],"_links":{"self":[{"href":"https:\/\/plazajuarez.mx\/historico\/wp-json\/wp\/v2\/posts\/24324","targetHints":{"allow":["GET"]}}],"collection":[{"href":"https:\/\/plazajuarez.mx\/historico\/wp-json\/wp\/v2\/posts"}],"about":[{"href":"https:\/\/plazajuarez.mx\/historico\/wp-json\/wp\/v2\/types\/post"}],"author":[{"embeddable":true,"href":"https:\/\/plazajuarez.mx\/historico\/wp-json\/wp\/v2\/users\/93"}],"replies":[{"embeddable":true,"href":"https:\/\/plazajuarez.mx\/historico\/wp-json\/wp\/v2\/comments?post=24324"}],"version-history":[{"count":0,"href":"https:\/\/plazajuarez.mx\/historico\/wp-json\/wp\/v2\/posts\/24324\/revisions"}],"wp:attachment":[{"href":"https:\/\/plazajuarez.mx\/historico\/wp-json\/wp\/v2\/media?parent=24324"}],"wp:term":[{"taxonomy":"category","embeddable":true,"href":"https:\/\/plazajuarez.mx\/historico\/wp-json\/wp\/v2\/categories?post=24324"},{"taxonomy":"post_tag","embeddable":true,"href":"https:\/\/plazajuarez.mx\/historico\/wp-json\/wp\/v2\/tags?post=24324"}],"curies":[{"name":"wp","href":"https:\/\/api.w.org\/{rel}","templated":true}]}}