{"id":24321,"date":"2016-07-07T11:17:08","date_gmt":"2016-07-07T11:17:08","guid":{"rendered":"http:\/\/plazajuarez.mx\/index\/index.php\/2016\/07\/07\/balean-a-mujer-y-muere-en-el-traslado-al-hospital\/"},"modified":"2016-07-07T11:17:08","modified_gmt":"2016-07-07T11:17:08","slug":"balean-a-mujer-y-muere-en-el-traslado-al-hospital","status":"publish","type":"post","link":"https:\/\/plazajuarez.mx\/historico\/balean-a-mujer-y-muere-en-el-traslado-al-hospital\/","title":{"rendered":"BALEAN A MUJER Y MUERE EN EL TRASLADO AL HOSPITAL"},"content":{"rendered":"<p style=\"text-align: justify;\">IXMIQUILPAN<\/p>\n<p>  <!--more-->  <\/p>\n<p style=\"text-align: justify;\">Personal del nosocomio del Valle del Mezquital inform\u00f3 del ingreso de una persona del sexo femenino, sin signos vitales, misma que a simple vista presentaba un impacto al parecer producido por proyectil de arma de fuego<br \/>Luego de que una mujer fue baleada en el municipio de Ixmiquilpan, la Procuradur\u00eda General de Justicia dio a conocer que se inici\u00f3 la carpeta de investigaci\u00f3n 07-2016-00457 por la muerte de una persona del sexo femenino de 30 a\u00f1os de edad aproximadamente.<br \/>Del hecho se dijo que se recibi\u00f3 notificaci\u00f3n por parte de personal de trabajo social del Hospital Regional del Valle del Mezquital informando del ingreso de una persona del sexo femenino, sin signos vitales, misma que a simple vista presentaba un impacto al parecer producido por proyectil de arma de fuego.<br \/>De acuerdo con los primeros datos, la ahora occisa no portaba ninguna identificaci\u00f3n y hasta el momento permanece en calidad de desconocida.<br \/>La causa de muerte fue por anemia aguda secundaria a laceraci\u00f3n pulmonar consecutiva a herida producida por proyectil disparado por arma de fuego en t\u00f3rax.<br \/>Por ello agentes de la Polic\u00eda Investigadora, as\u00ed como peritos de la Direcci\u00f3n General de Servicios Periciales recabaron indicios para la elaboraci\u00f3n de los dict\u00e1menes correspondientes.<br \/>Finalmente se inform\u00f3 que la carpeta se encuentra en periodo de integraci\u00f3n y se resolver\u00e1 en el t\u00e9rmino legal establecido.<\/p>\n","protected":false},"excerpt":{"rendered":"<p>IXMIQUILPAN<\/p>\n","protected":false},"author":93,"featured_media":0,"comment_status":"open","ping_status":"open","sticky":false,"template":"","format":"standard","meta":{"footnotes":""},"categories":[37],"tags":[],"class_list":["post-24321","post","type-post","status-publish","format-standard","hentry","category-barandilla"],"_links":{"self":[{"href":"https:\/\/plazajuarez.mx\/historico\/wp-json\/wp\/v2\/posts\/24321","targetHints":{"allow":["GET"]}}],"collection":[{"href":"https:\/\/plazajuarez.mx\/historico\/wp-json\/wp\/v2\/posts"}],"about":[{"href":"https:\/\/plazajuarez.mx\/historico\/wp-json\/wp\/v2\/types\/post"}],"author":[{"embeddable":true,"href":"https:\/\/plazajuarez.mx\/historico\/wp-json\/wp\/v2\/users\/93"}],"replies":[{"embeddable":true,"href":"https:\/\/plazajuarez.mx\/historico\/wp-json\/wp\/v2\/comments?post=24321"}],"version-history":[{"count":0,"href":"https:\/\/plazajuarez.mx\/historico\/wp-json\/wp\/v2\/posts\/24321\/revisions"}],"wp:attachment":[{"href":"https:\/\/plazajuarez.mx\/historico\/wp-json\/wp\/v2\/media?parent=24321"}],"wp:term":[{"taxonomy":"category","embeddable":true,"href":"https:\/\/plazajuarez.mx\/historico\/wp-json\/wp\/v2\/categories?post=24321"},{"taxonomy":"post_tag","embeddable":true,"href":"https:\/\/plazajuarez.mx\/historico\/wp-json\/wp\/v2\/tags?post=24321"}],"curies":[{"name":"wp","href":"https:\/\/api.w.org\/{rel}","templated":true}]}}