{"id":24319,"date":"2016-07-07T11:16:29","date_gmt":"2016-07-07T11:16:29","guid":{"rendered":"http:\/\/plazajuarez.mx\/index\/index.php\/2016\/07\/07\/buscan-a-dos-que-reportaron-extraviados\/"},"modified":"2016-07-07T11:16:29","modified_gmt":"2016-07-07T11:16:29","slug":"buscan-a-dos-que-reportaron-extraviados","status":"publish","type":"post","link":"https:\/\/plazajuarez.mx\/historico\/buscan-a-dos-que-reportaron-extraviados\/","title":{"rendered":"BUSCAN A DOS QUE REPORTARON EXTRAVIADOS"},"content":{"rendered":"<p style=\"text-align: justify;\">Ayer se report\u00f3 a dos personas desaparecidas, una Alejandra Nohem\u00ed Jim\u00e9nez Garc\u00eda 15 a\u00f1os, quien sali\u00f3 de su domicilio en la colonia Aquiles Serd\u00e1n a la Escuela donde estudia, pero nunca regres\u00f3 por lo que se teme por su seguridad.<\/p>\n<p>  <!--more-->  <\/p>\n<p style=\"text-align: justify;\">La afectada es de complexi\u00f3n delgada tez morena, frente amplia boca grande, ceja poblada, ojos grandes color negro, cabello casta\u00f1o oscuro, lacio, largo, estatura 1.56 metros, de cara redonda, nariz grande, labios gruesos, ment\u00f3n recto, usa braquetes y vest\u00eda pantal\u00f3n de mezclilla azul, playera azul, sudadera blanca con dibujos de barcos y tenis blancos.<br \/>La \u00faltima ocasi\u00f3n que se le vio, fue en la secundaria para adultos INEA del fraccionamiento Constituci\u00f3n y llevaba una mochila caf\u00e9, su t\u00eda refiere que la menor apenas lleva un a\u00f1o viviendo en Pachuca.<br \/>Cualquier informaci\u00f3n, favor de proporcionarla a los tel\u00e9fonos 7717772897 y 7712141296<br \/>As\u00ed mismo en Emiliano Zapata se denunci\u00f3 a Jos\u00e9 Ignacio Granillo Saavedra, de 26 a\u00f1os de edad como desaparecido, quien sali\u00f3 de su hogar ubicado en la localidad de Santa Cruz, calle 3 de Mayo n\u00famero 72 y desde el domingo anterior no se sabe nada de su localizaci\u00f3n.<\/p>\n","protected":false},"excerpt":{"rendered":"<p>Ayer se report\u00f3 a dos personas desaparecidas, una Alejandra Nohem\u00ed Jim\u00e9nez Garc\u00eda 15 a\u00f1os, quien sali\u00f3 de su domicilio en la colonia Aquiles Serd\u00e1n a la Escuela donde estudia, pero nunca regres\u00f3 por lo que se teme por su seguridad.<\/p>\n","protected":false},"author":93,"featured_media":0,"comment_status":"open","ping_status":"open","sticky":false,"template":"","format":"standard","meta":{"footnotes":""},"categories":[37],"tags":[],"class_list":["post-24319","post","type-post","status-publish","format-standard","hentry","category-barandilla"],"_links":{"self":[{"href":"https:\/\/plazajuarez.mx\/historico\/wp-json\/wp\/v2\/posts\/24319","targetHints":{"allow":["GET"]}}],"collection":[{"href":"https:\/\/plazajuarez.mx\/historico\/wp-json\/wp\/v2\/posts"}],"about":[{"href":"https:\/\/plazajuarez.mx\/historico\/wp-json\/wp\/v2\/types\/post"}],"author":[{"embeddable":true,"href":"https:\/\/plazajuarez.mx\/historico\/wp-json\/wp\/v2\/users\/93"}],"replies":[{"embeddable":true,"href":"https:\/\/plazajuarez.mx\/historico\/wp-json\/wp\/v2\/comments?post=24319"}],"version-history":[{"count":0,"href":"https:\/\/plazajuarez.mx\/historico\/wp-json\/wp\/v2\/posts\/24319\/revisions"}],"wp:attachment":[{"href":"https:\/\/plazajuarez.mx\/historico\/wp-json\/wp\/v2\/media?parent=24319"}],"wp:term":[{"taxonomy":"category","embeddable":true,"href":"https:\/\/plazajuarez.mx\/historico\/wp-json\/wp\/v2\/categories?post=24319"},{"taxonomy":"post_tag","embeddable":true,"href":"https:\/\/plazajuarez.mx\/historico\/wp-json\/wp\/v2\/tags?post=24319"}],"curies":[{"name":"wp","href":"https:\/\/api.w.org\/{rel}","templated":true}]}}