{"id":24317,"date":"2016-07-07T11:15:51","date_gmt":"2016-07-07T11:15:51","guid":{"rendered":"http:\/\/plazajuarez.mx\/index\/index.php\/2016\/07\/07\/familiares-de-presunto-feminicida-piden-justicia\/"},"modified":"2016-07-07T11:15:51","modified_gmt":"2016-07-07T11:15:51","slug":"familiares-de-presunto-feminicida-piden-justicia","status":"publish","type":"post","link":"https:\/\/plazajuarez.mx\/historico\/familiares-de-presunto-feminicida-piden-justicia\/","title":{"rendered":"FAMILIARES DE PRESUNTO FEMINICIDA PIDEN JUSTICIA"},"content":{"rendered":"<p style=\"text-align: justify;\">A LA PROCURADUR\u00cdA DE HIDALGO<\/p>\n<p>  <!--more-->  <\/p>\n<p style=\"text-align: justify;\">La Procuradur\u00eda inform\u00f3 a familiares del imputado que hay evidencia pericial, por la que Juez dict\u00f3 Vinculaci\u00f3n a Proceso<br \/>Personal de Procuradur\u00eda General de Justicia del estado de Hidalgo atendi\u00f3 a una comisi\u00f3n de familiares del hombre imputado por el Feminicidio de la menor hallada sin vida en el barrio El Jud\u00edo de Pachuca el pasado 15 de mayo.<br \/>El d\u00eda de los hechos se dio el indignante hallazgo que se report\u00f3, mediante una llamada al 066 de Emergencias informando del cad\u00e1ver de una ni\u00f1a, que se localiz\u00f3 al lado de una nopalera y magueyes ubicados en un paraje solitario de la parte trasera del Hotel \u00c1frica del barrio del Jud\u00edo de Pachuca.<br \/>Ese d\u00eda la peque\u00f1a de 5 a\u00f1os de edad asisti\u00f3 a una fiesta pero por la noche fue hallada, con la ropa abajo de la cintura, por lo que se presume que fue ultrajada y asesinada por su abuelo, quien fue asegurado posteriormente por polic\u00edas de Investigaci\u00f3n, pero los familiares de la acaecida sembraron la duda de que el quincuagenario fuera el responsable.<br \/>El subprocurador de procedimientos penales regi\u00f3n Oriente, Porfirio Guti\u00e9rrez Garc\u00eda estuvo acompa\u00f1ado de la fiscal de g\u00e9nero, Luz Mar\u00eda Ram\u00edrez y el director general de la Polic\u00eda de Investigaci\u00f3n, Leopoldo V\u00e1zquez, quienes recibieron y atendieron a la comisi\u00f3n de familiares quienes expusieron argumentos a favor del imputado.<br \/>No obstante la Fiscal de G\u00e9nero de la PGJEH, Luz Mar\u00eda Ram\u00edrez, explic\u00f3 que se cuenta con evidencias pericial y cient\u00edficas, as\u00ed como diligencias policiales y testimonios que arrojan indicios sobre la probable responsabilidad del hombre de 55 a\u00f1os, identificado con las iniciales H.M.C. por estar relacionado con el feminicidio cometido el pasado 15 de mayo, y quien es abuelo de la ni\u00f1a privada de la vida. Informaci\u00f3n suficiente para que el Juez de Control vinculara a proceso al hombre se\u00f1alado como probable responsable y le dictara prisi\u00f3n preventiva.<br \/>De igual forma, los agentes de la Polic\u00eda Investigadora les expusieron que trabajaron con personal de la Fiscal\u00eda de atenci\u00f3n a Delitos de G\u00e9nero (Fadeg) en la aplicaci\u00f3n del Protocolo de Investigaci\u00f3n del Delito de Feminicidio, adem\u00e1s de las diligencias correspondientes a su investigaci\u00f3n, en compa\u00f1\u00eda de peritos.<br \/>De acuerdo con dicha investigaci\u00f3n realizada por la Fadeg y la DGPI, adem\u00e1s de entrevistas practicadas a testigos que estuvieron en el lugar, as\u00ed como de las inspecciones realizadas en dicho sitio, se obtuvieron datos que llevan a establecer como probable autor del feminicidio al abuelo materno de la v\u00edctima.<br \/>Al solicitarles m\u00e1s informaci\u00f3n, los familiares del imputado se negaron a proporcionarla y abandonaron la reuni\u00f3n.<br \/>Finalmente se dijo que la investigaci\u00f3n no est\u00e1 cerrada.<\/p>\n","protected":false},"excerpt":{"rendered":"<p>A LA PROCURADUR\u00cdA DE HIDALGO<\/p>\n","protected":false},"author":93,"featured_media":0,"comment_status":"open","ping_status":"open","sticky":false,"template":"","format":"standard","meta":{"footnotes":""},"categories":[37],"tags":[],"class_list":["post-24317","post","type-post","status-publish","format-standard","hentry","category-barandilla"],"_links":{"self":[{"href":"https:\/\/plazajuarez.mx\/historico\/wp-json\/wp\/v2\/posts\/24317","targetHints":{"allow":["GET"]}}],"collection":[{"href":"https:\/\/plazajuarez.mx\/historico\/wp-json\/wp\/v2\/posts"}],"about":[{"href":"https:\/\/plazajuarez.mx\/historico\/wp-json\/wp\/v2\/types\/post"}],"author":[{"embeddable":true,"href":"https:\/\/plazajuarez.mx\/historico\/wp-json\/wp\/v2\/users\/93"}],"replies":[{"embeddable":true,"href":"https:\/\/plazajuarez.mx\/historico\/wp-json\/wp\/v2\/comments?post=24317"}],"version-history":[{"count":0,"href":"https:\/\/plazajuarez.mx\/historico\/wp-json\/wp\/v2\/posts\/24317\/revisions"}],"wp:attachment":[{"href":"https:\/\/plazajuarez.mx\/historico\/wp-json\/wp\/v2\/media?parent=24317"}],"wp:term":[{"taxonomy":"category","embeddable":true,"href":"https:\/\/plazajuarez.mx\/historico\/wp-json\/wp\/v2\/categories?post=24317"},{"taxonomy":"post_tag","embeddable":true,"href":"https:\/\/plazajuarez.mx\/historico\/wp-json\/wp\/v2\/tags?post=24317"}],"curies":[{"name":"wp","href":"https:\/\/api.w.org\/{rel}","templated":true}]}}