{"id":243031,"date":"2022-12-23T07:33:07","date_gmt":"2022-12-23T13:33:07","guid":{"rendered":"https:\/\/plazajuarez.mx\/?p=243031"},"modified":"2022-12-23T07:33:12","modified_gmt":"2022-12-23T13:33:12","slug":"un-hombre-y-una-mujer-aparecieron-ejecutados-con-signos-de-deguello-y-de-tortura","status":"publish","type":"post","link":"https:\/\/plazajuarez.mx\/historico\/un-hombre-y-una-mujer-aparecieron-ejecutados-con-signos-de-deguello-y-de-tortura\/","title":{"rendered":"Un hombre y una mujer aparecieron ejecutados con signos de deg\u00fcello y de tortura"},"content":{"rendered":"\n<p>La violencia se mantiene latente en la regi\u00f3n de Tula de Allende, luego de que la ma\u00f1ana de ayer al 911 de Emergencias, se report\u00f3 sobre el hallazgo de dos personas que habr\u00edan sido ejecutadas a balazos en la localidad de San Jos\u00e9 Acoculco, municipio de Atotonilco de Tula.<\/p>\n\n\n\n<p>El aviso se hizo extensivo v\u00eda radio y provoc\u00f3 la inmediata movilizaci\u00f3n de elementos de los cuerpos policiacos de la regi\u00f3n, quienes acudieron a corroborar la veracidad de la alerta y a tomar conocimiento de lo acontecido.<\/p>\n\n\n\n<p>En el lugar trascendi\u00f3 extraoficialmente que se trataba de los cuerpos de un hombre y una mujer, los cuales&nbsp; presumiblemente habr\u00edan sido degollados por sus victimarios y&nbsp; baleados.<\/p>\n\n\n\n<p>Adem\u00e1s, en el reporte oficial que se emiti\u00f3 por parte de los guardianes de la ley, se destaca que los cad\u00e1veres fueron hallados en un predio de la quebradora de Cruz Azul, ubicada sobre la carretera Bomintzha-San Jos\u00e9.<\/p>\n\n\n\n<p>Hasta el momento las v\u00edctimas permanecen en calidad de desconocidos y las \u00fanicas pistas que se tienen es que uno de ellos viste sudadera color negro y pants color gris, en tanto que el otro cuerpo correspondiente a una mujer, viste con una chamarra negra, pantal\u00f3n de mezclilla y tenis negros.<\/p>\n\n\n\n<p>Tambi\u00e9n se aseguro que los cuerpos localizados en un paraje solitario, estaban maniatados, con evidentes huellas de tortura y con m\u00faltiples heridas producidas por disparos de arma de fuego.<\/p>\n\n\n\n<p>Posteriormente al lugar del descubrimiento de los dos asesinados acudi\u00f3 el personal de la Procuradur\u00eda General de Justicia del estado de Hidalgo, que tom\u00f3 conocimiento del hecho, adem\u00e1s de que dieron fe de lo acontecido e iniciaron una carpeta de investigaci\u00f3n donde se describieron los pormenores del macabro hallazgo.<\/p>\n","protected":false},"excerpt":{"rendered":"<p>La violencia se mantiene latente en la regi\u00f3n de Tula de Allende, luego de que la ma\u00f1ana de ayer al 911 de Emergencias, se report\u00f3 sobre el hallazgo de dos personas que habr\u00edan sido ejecutadas a balazos en la localidad de San Jos\u00e9 Acoculco, municipio de Atotonilco de Tula. El aviso se hizo extensivo v\u00eda [&hellip;]<\/p>\n","protected":false},"author":93,"featured_media":243032,"comment_status":"closed","ping_status":"closed","sticky":false,"template":"","format":"standard","meta":{"footnotes":""},"categories":[37],"tags":[],"class_list":["post-243031","post","type-post","status-publish","format-standard","has-post-thumbnail","hentry","category-barandilla"],"_links":{"self":[{"href":"https:\/\/plazajuarez.mx\/historico\/wp-json\/wp\/v2\/posts\/243031","targetHints":{"allow":["GET"]}}],"collection":[{"href":"https:\/\/plazajuarez.mx\/historico\/wp-json\/wp\/v2\/posts"}],"about":[{"href":"https:\/\/plazajuarez.mx\/historico\/wp-json\/wp\/v2\/types\/post"}],"author":[{"embeddable":true,"href":"https:\/\/plazajuarez.mx\/historico\/wp-json\/wp\/v2\/users\/93"}],"replies":[{"embeddable":true,"href":"https:\/\/plazajuarez.mx\/historico\/wp-json\/wp\/v2\/comments?post=243031"}],"version-history":[{"count":0,"href":"https:\/\/plazajuarez.mx\/historico\/wp-json\/wp\/v2\/posts\/243031\/revisions"}],"wp:featuredmedia":[{"embeddable":true,"href":"https:\/\/plazajuarez.mx\/historico\/wp-json\/wp\/v2\/media\/243032"}],"wp:attachment":[{"href":"https:\/\/plazajuarez.mx\/historico\/wp-json\/wp\/v2\/media?parent=243031"}],"wp:term":[{"taxonomy":"category","embeddable":true,"href":"https:\/\/plazajuarez.mx\/historico\/wp-json\/wp\/v2\/categories?post=243031"},{"taxonomy":"post_tag","embeddable":true,"href":"https:\/\/plazajuarez.mx\/historico\/wp-json\/wp\/v2\/tags?post=243031"}],"curies":[{"name":"wp","href":"https:\/\/api.w.org\/{rel}","templated":true}]}}