{"id":243002,"date":"2022-12-23T07:19:56","date_gmt":"2022-12-23T13:19:56","guid":{"rendered":"https:\/\/plazajuarez.mx\/?p=243002"},"modified":"2022-12-23T07:20:04","modified_gmt":"2022-12-23T13:20:04","slug":"el-pri-voto-en-contra-de-la-reforma-electoral","status":"publish","type":"post","link":"https:\/\/plazajuarez.mx\/historico\/el-pri-voto-en-contra-de-la-reforma-electoral\/","title":{"rendered":"El PRI vot\u00f3 en contra de la reforma electoral\u00a0"},"content":{"rendered":"\n<p>Los integrantes del Grupo Legislativo del Partido Revolucionario Institucional (PRI) votaron en contra del dictamen que aprueba la iniciativa con proyecto de decreto por el que se reforman y adicionan diversas disposiciones de la Constituci\u00f3n Pol\u00edtica de Hidalgo debido a que consideraron que no est\u00e1 suficientemente sustentada.&nbsp;<\/p>\n\n\n\n<p>Durante la sesi\u00f3n ordinaria, los diputados de la fracci\u00f3n del Partido del Movimiento de Regeneraci\u00f3n Nacional (Morena) y aliados, votaron a favor la reforma que impacta en el tema electoral ya que propone, &#8220;por ahorro de recursos&#8221; en la realizaci\u00f3n de cada proceso electoral, empatar elecciones para 2030.<\/p>\n\n\n\n<p>Por lo anterior, Julio Valera Piedras, pidi\u00f3 realizar una descripci\u00f3n detallada y real de los beneficios en t\u00e9rminos cuantitativos y cualitativos (adem\u00e1s del se\u00f1alado en el dictamen), en el que se vinculen&nbsp; el objetivo de la propuesta de tener una gubernatura de dos a\u00f1os, con&nbsp; el impacto social, estableciendo criterios claros de evaluaci\u00f3n.&nbsp;<\/p>\n\n\n\n<p>Adem\u00e1s, argument\u00f3 que la propuesta debe sustentarse con el estudio comparado con relaci\u00f3n en otros estados donde ya se ha implementado, considerando si realmente existi\u00f3 un ahorro significativo.<\/p>\n","protected":false},"excerpt":{"rendered":"<p>Los integrantes del Grupo Legislativo del Partido Revolucionario Institucional (PRI) votaron en contra del dictamen que aprueba la iniciativa con proyecto de decreto por el que se reforman y adicionan diversas disposiciones de la Constituci\u00f3n Pol\u00edtica de Hidalgo debido a que consideraron que no est\u00e1 suficientemente sustentada.&nbsp; Durante la sesi\u00f3n ordinaria, los diputados de la [&hellip;]<\/p>\n","protected":false},"author":72,"featured_media":243003,"comment_status":"closed","ping_status":"closed","sticky":false,"template":"","format":"standard","meta":{"footnotes":""},"categories":[59,2159],"tags":[],"class_list":["post-243002","post","type-post","status-publish","format-standard","has-post-thumbnail","hentry","category-general","category-noticias-de-hidalgo"],"_links":{"self":[{"href":"https:\/\/plazajuarez.mx\/historico\/wp-json\/wp\/v2\/posts\/243002","targetHints":{"allow":["GET"]}}],"collection":[{"href":"https:\/\/plazajuarez.mx\/historico\/wp-json\/wp\/v2\/posts"}],"about":[{"href":"https:\/\/plazajuarez.mx\/historico\/wp-json\/wp\/v2\/types\/post"}],"author":[{"embeddable":true,"href":"https:\/\/plazajuarez.mx\/historico\/wp-json\/wp\/v2\/users\/72"}],"replies":[{"embeddable":true,"href":"https:\/\/plazajuarez.mx\/historico\/wp-json\/wp\/v2\/comments?post=243002"}],"version-history":[{"count":0,"href":"https:\/\/plazajuarez.mx\/historico\/wp-json\/wp\/v2\/posts\/243002\/revisions"}],"wp:featuredmedia":[{"embeddable":true,"href":"https:\/\/plazajuarez.mx\/historico\/wp-json\/wp\/v2\/media\/243003"}],"wp:attachment":[{"href":"https:\/\/plazajuarez.mx\/historico\/wp-json\/wp\/v2\/media?parent=243002"}],"wp:term":[{"taxonomy":"category","embeddable":true,"href":"https:\/\/plazajuarez.mx\/historico\/wp-json\/wp\/v2\/categories?post=243002"},{"taxonomy":"post_tag","embeddable":true,"href":"https:\/\/plazajuarez.mx\/historico\/wp-json\/wp\/v2\/tags?post=243002"}],"curies":[{"name":"wp","href":"https:\/\/api.w.org\/{rel}","templated":true}]}}