{"id":24300,"date":"2016-06-27T21:57:00","date_gmt":"2016-06-27T21:57:00","guid":{"rendered":"http:\/\/plazajuarez.mx\/index\/index.php\/2016\/06\/27\/puede-ahora-participar-familia-para-comprar-casa-de-interes-social\/"},"modified":"2016-06-27T21:57:00","modified_gmt":"2016-06-27T21:57:00","slug":"puede-ahora-participar-familia-para-comprar-casa-de-interes-social","status":"publish","type":"post","link":"https:\/\/plazajuarez.mx\/historico\/puede-ahora-participar-familia-para-comprar-casa-de-interes-social\/","title":{"rendered":"Puede ahora participar familia para comprar casa de inter\u00e9s social"},"content":{"rendered":"<p style=\"margin: 0cm 0cm 11.25pt; text-align: justify; line-height: 19.5pt; background-image: initial; background-attachment: initial; background-size: initial; background-origin: initial; background-clip: initial; background-position: initial; background-repeat: initial;\"><span style=\"font-family: 'Helvetica','sans-serif'; mso-bidi-font-family: Helvetica; color: black;\">Todos los miembros de la familia que sean derechohabientes del Infonavit y del Fovissste podr\u00e1n juntar las subcuentas en ambos sistemas para obtener un mayor cr\u00e9dito y comprar una vivienda m\u00e1s grande, gracias a un acuerdo entre ambas instituciones.<\/span><\/p>\n<p>  <!--more-->  <\/p>\n<p style=\"margin: 0cm 0cm 11.25pt; text-align: justify; line-height: 19.5pt; background-image: initial; background-attachment: initial; background-size: initial; background-origin: initial; background-clip: initial; background-position: initial; background-repeat: initial;\"><span style=\"font-family: 'Helvetica','sans-serif'; mso-bidi-font-family: Helvetica; color: black;\">\u201cSi un hermano trabaja en una empresa privada y otro en el sector p\u00fablico pueden juntarse y tener un mejor cr\u00e9dito. Entre padres e hijos tambi\u00e9n se puede hacer esta combinaci\u00f3n y tener acceso a viviendas de mayor dimensi\u00f3n\u201d, inform\u00f3 la secretaria de Desarrollo Agrario, Territorial y Urbano (Sedatu), Rosario Robles Berlanga.<\/span><\/p>\n<p style=\"margin: 0cm 0cm 11.25pt; text-align: justify; line-height: 19.5pt; background-image: initial; background-attachment: initial; background-size: initial; background-origin: initial; background-clip: initial; background-position: initial; background-repeat: initial;\"><span style=\"font-family: 'Helvetica','sans-serif'; mso-bidi-font-family: Helvetica; color: black;\">Ambos organismos de vivienda dieron a conocer que este nuevo instrumento, disponible desde ayer, beneficiar\u00e1 a miles de trabajadores mexicanos.<\/span><\/p>\n<p style=\"margin: 0cm 0cm 11.25pt; text-align: justify; line-height: 19.5pt; background-image: initial; background-attachment: initial; background-size: initial; background-origin: initial; background-clip: initial; background-position: initial; background-repeat: initial;\"><span style=\"font-family: 'Helvetica','sans-serif'; mso-bidi-font-family: Helvetica; color: black;\">Robles Berlanga expuso que tambi\u00e9n se hace posible que terceros no derechohabientes puedan aportar recursos para complementar una mejor opci\u00f3n de cr\u00e9dito.<\/span><\/p>\n<p style=\"margin: 0cm 0cm 11.25pt; text-align: justify; line-height: 19.5pt; background-image: initial; background-attachment: initial; background-size: initial; background-origin: initial; background-clip: initial; background-position: initial; background-repeat: initial;\"><span style=\"font-family: 'Helvetica','sans-serif'; mso-bidi-font-family: Helvetica; color: black;\">Con estas acciones se cumple con las expectativas de millones de mexicanos a una vivienda digna y decorosa, y se contribuye a desarrollar un proyecto de comunidad que permita fortalecer el futuro del pa\u00eds, dijo el director general del Instituto de Seguridad y Servicios Sociales de los Trabajadores del Estado (ISSSTE), Jos\u00e9 Reyes Baeza.<\/span><\/p>\n<p style=\"margin: 0cm 0cm 11.25pt; text-align: justify; line-height: 19.5pt; background-image: initial; background-attachment: initial; background-size: initial; background-origin: initial; background-clip: initial; background-position: initial; background-repeat: initial;\"><span style=\"font-family: 'Helvetica','sans-serif'; mso-bidi-font-family: Helvetica; color: black;\">\u201cSe construyen mecanismos espec\u00edficos para lograr el producto conyugal para que un matrimonio logre unir los montos de sus subcuentas de vivienda Fovissste e Infonavit\u201d, explic\u00f3 el exgobernador de Chihuahua durante la firma del convenio.<\/span><\/p>\n<p style=\"margin: 0cm 0cm 11.25pt; text-align: justify; line-height: 19.5pt; background-image: initial; background-attachment: initial; background-size: initial; background-origin: initial; background-clip: initial; background-position: initial; background-repeat: initial;\"><span style=\"font-family: 'Helvetica','sans-serif'; mso-bidi-font-family: Helvetica; color: black;\">Robles Berlanga dijo que se trata de un gran cambio en la Pol\u00edtica Nacional de Vivienda.<\/span><\/p>\n<p style=\"margin: 0cm 0cm 11.25pt; text-align: justify; line-height: 19.5pt; background-image: initial; background-attachment: initial; background-size: initial; background-origin: initial; background-clip: initial; background-position: initial; background-repeat: initial;\"><span style=\"font-family: 'Helvetica','sans-serif'; mso-bidi-font-family: Helvetica; color: black;\">El Infonavit y el Fovissste rompieron esta inercia y marcaron innovaci\u00f3n con nuevos productos, con una visi\u00f3n social que piensa en la gente, a\u00f1adi\u00f3.<\/span><\/p>\n","protected":false},"excerpt":{"rendered":"<p>Todos los miembros de la familia que sean derechohabientes del Infonavit y del Fovissste podr\u00e1n juntar las subcuentas en ambos sistemas para obtener un mayor cr\u00e9dito y comprar una vivienda m\u00e1s grande, gracias a un acuerdo entre ambas instituciones.<\/p>\n","protected":false},"author":93,"featured_media":0,"comment_status":"open","ping_status":"open","sticky":false,"template":"","format":"standard","meta":{"footnotes":""},"categories":[59],"tags":[],"class_list":["post-24300","post","type-post","status-publish","format-standard","hentry","category-general"],"_links":{"self":[{"href":"https:\/\/plazajuarez.mx\/historico\/wp-json\/wp\/v2\/posts\/24300","targetHints":{"allow":["GET"]}}],"collection":[{"href":"https:\/\/plazajuarez.mx\/historico\/wp-json\/wp\/v2\/posts"}],"about":[{"href":"https:\/\/plazajuarez.mx\/historico\/wp-json\/wp\/v2\/types\/post"}],"author":[{"embeddable":true,"href":"https:\/\/plazajuarez.mx\/historico\/wp-json\/wp\/v2\/users\/93"}],"replies":[{"embeddable":true,"href":"https:\/\/plazajuarez.mx\/historico\/wp-json\/wp\/v2\/comments?post=24300"}],"version-history":[{"count":0,"href":"https:\/\/plazajuarez.mx\/historico\/wp-json\/wp\/v2\/posts\/24300\/revisions"}],"wp:attachment":[{"href":"https:\/\/plazajuarez.mx\/historico\/wp-json\/wp\/v2\/media?parent=24300"}],"wp:term":[{"taxonomy":"category","embeddable":true,"href":"https:\/\/plazajuarez.mx\/historico\/wp-json\/wp\/v2\/categories?post=24300"},{"taxonomy":"post_tag","embeddable":true,"href":"https:\/\/plazajuarez.mx\/historico\/wp-json\/wp\/v2\/tags?post=24300"}],"curies":[{"name":"wp","href":"https:\/\/api.w.org\/{rel}","templated":true}]}}