{"id":242986,"date":"2022-12-23T07:11:46","date_gmt":"2022-12-23T13:11:46","guid":{"rendered":"https:\/\/plazajuarez.mx\/?p=242986"},"modified":"2022-12-23T07:11:54","modified_gmt":"2022-12-23T13:11:54","slug":"felicidades-todo-es-asunto-de-redescubrir-el-mundo","status":"publish","type":"post","link":"https:\/\/plazajuarez.mx\/historico\/felicidades-todo-es-asunto-de-redescubrir-el-mundo\/","title":{"rendered":"\u00a1Felicidades, todo es asunto de redescubrir el mundo!"},"content":{"rendered":"\n<h2 class=\"wp-block-heading\">RETRATOS HABLADOS<\/h2>\n\n\n\n<p><strong><em>(Nos reencontramos en este mismo espacio y en el de LAGUNA DE VOCES, el lunes 2 de enero del 2023. \u00a1Gracias por todo!)<\/em><\/strong><\/p>\n\n\n\n<p>A veces uno se tarda d\u00e9cadas enteras en recuperar el valor esencial de la Navidad. Pasan a\u00f1os y a\u00f1os sin redescubrir la raz\u00f3n que de ni\u00f1os nos llevaba a pensar en estas fechas, como las \u00fanicas en que era posible tener la seguridad de que lo imposible era posible; que bastaba con desearlo para que algo que atribu\u00edamos a la magia otorgara plenos poderes de ser real a lo que con tantas ganas dese\u00e1bamos.<\/p>\n\n\n\n<p>Por d\u00e9cadas enteras dimos por perdida la partida contra el destino, y solo quedaba la melancol\u00eda y nostalgia por lo que se hab\u00eda ido para nunca volver a regresar. Aceptamos esa condici\u00f3n y nos resignamos a que tal vez en la \u00faltima hora de la \u00faltima Nochebuena que tuvi\u00e9ramos en la Tierra, de pronto reaparecer\u00eda ese misterioso ingrediente que de ni\u00f1os nos amarr\u00f3 al mes de diciembre.<\/p>\n\n\n\n<p>Hasta que tienen que suceder hechos tan concretos y tangibles que no dejan espacio a duda de ning\u00fan tipo, y empezamos a comprender que todo ten\u00eda que ver con la vida, la que tenemos a la mano para amar con profunda convicci\u00f3n cada instante que a\u00fan nos sobra cuando ya llegamos y superamos los 60 y, nos guste o no, seremos integrantes de nombre y grado, de las fuerzas de la Tercera Edad, o lo que es lo mismo: arribar a la antesala de espera para el vuelo final que siempre deseamos sea al cielo.<\/p>\n\n\n\n<p>Todos los amigos que hice en la existencia, pocos sinceramente, ya llegaron las seis d\u00e9cadas y algunos las rebasaron hace bastante tiempo. Es decir que ya somos viejitos, unos m\u00e1s visibles en el rostro y otros en el andar, y por lo tanto con la posibilidad de haber entendido a estas alturas en qu\u00e9 consiste todo esto de la vida humana.<\/p>\n\n\n\n<p>Por principio de cuentas, me cuentan algunos de los que les menciono, sabemos con absoluta certeza que no puede desperdiciarse el tiempo en amarguras, rencores y mucho menos desamores. Es deber amar con todas las fuerzas que nos quedan, por la simple y sencilla raz\u00f3n de que ya no habr\u00e1 nuevas oportunidades, que hace much\u00edsimo dejamos atr\u00e1s los 20 y tantos a\u00f1os, cuando era posible un arrebato de enojo y esperar contentarse pasados cinco.&nbsp; Hoy en d\u00eda nadie asegura que se llegue vivo al plazo auto impuesto, para recibir la disculpa y otorgar el perd\u00f3n.<\/p>\n\n\n\n<p>Solo hay tiempo para aplicar la alegr\u00eda \u00fanica y definitiva de cuando \u00e9ramos ni\u00f1os, compartirla, hacer sentir bien a quien nos rodea y ser honestos a la hora de amar, a veces incluso sin que nos amen. Si suceden las dos cosas, es decir que amemos y seamos amados, estamos ante el milagro m\u00e1s grande de la existencia. Pero, insisto, la tarea primordial es amar.<\/p>\n\n\n\n<p>Ese es el misterio que rodeaba las navidades de la infancia: sab\u00edamos amar porque la lecci\u00f3n fundamental para hacerlo segu\u00eda fresca en la memoria, con solo seis, siete, ocho, nueve o diez a\u00f1os de vida.<\/p>\n\n\n\n<p>Nos damos cuenta que no es asunto de convertirnos en ni\u00f1os porque es un absurdo, sino recuperar la memoria, saber que llegamos a la vida con f\u00f3rmulas \u00fanicas de cari\u00f1os, con agradecimiento cierto porque de alguna forma todo sucedi\u00f3 para abrir los ojos y ser, estar vivos, abrir la boca y respirar.<\/p>\n\n\n\n<p>Ma\u00f1ana que es Nochebuena le invito, sea o no de la edad de mis ruquitos amigos, a que mire con ojos honestos y sinceros la vida, abrace a sus hijos si los tiene, a sus nietos, a la mujer que adora con todo el coraz\u00f3n y les diga que finalmente ha comprendido el misterio de estas fechas, y el porqu\u00e9 anima tanto al ser humano para lo que resta del a\u00f1o: el amor.<\/p>\n\n\n\n<p>Es cierto, somos navecitas botadas al mar con lo que parecieran nulas posibilidades de sobrevivir, pero sobrevivimos, lo hemos logrado con creces y prueba de ello es que con los ojos puestos en llegar a la d\u00e9cada seis y media, nos sonre\u00edmos, nos damos esperanza de que llegaremos m\u00e1s lejos.<\/p>\n\n\n\n<p>Porque adem\u00e1s nos interesa vivir; nos interesa ver cada ma\u00f1ana, cada tarde, cada noche, los ojos de las personas que amamos y nos aman. Nos interesa aguantar hasta donde se pueda para esperar que amanezca y sentir que estamos simple y llanamente vivos.<\/p>\n\n\n\n<p>Por todo lo anterior: \u00a1feliz Nochebuena, feliz Navidad 2022!<\/p>\n\n\n\n<p>Esta historia apenas empieza.<\/p>\n\n\n\n<p>Mil gracias.<a href=\"mailto:jeperalta@plazajurez.mx\"><strong>jeperalta@plazajurez.mx<\/strong><strong><br><\/strong><\/a><strong>@JavierEPeralta<\/strong><\/p>\n","protected":false},"excerpt":{"rendered":"<p>RETRATOS HABLADOS (Nos reencontramos en este mismo espacio y en el de LAGUNA DE VOCES, el lunes 2 de enero del 2023. \u00a1Gracias por todo!) A veces uno se tarda d\u00e9cadas enteras en recuperar el valor esencial de la Navidad. Pasan a\u00f1os y a\u00f1os sin redescubrir la raz\u00f3n que de ni\u00f1os nos llevaba a pensar [&hellip;]<\/p>\n","protected":false},"author":10,"featured_media":241756,"comment_status":"closed","ping_status":"closed","sticky":false,"template":"","format":"standard","meta":{"footnotes":""},"categories":[49,42],"tags":[],"class_list":["post-242986","post","type-post","status-publish","format-standard","has-post-thumbnail","hentry","category-javier-peralta","category-nuestrapalabra"],"_links":{"self":[{"href":"https:\/\/plazajuarez.mx\/historico\/wp-json\/wp\/v2\/posts\/242986","targetHints":{"allow":["GET"]}}],"collection":[{"href":"https:\/\/plazajuarez.mx\/historico\/wp-json\/wp\/v2\/posts"}],"about":[{"href":"https:\/\/plazajuarez.mx\/historico\/wp-json\/wp\/v2\/types\/post"}],"author":[{"embeddable":true,"href":"https:\/\/plazajuarez.mx\/historico\/wp-json\/wp\/v2\/users\/10"}],"replies":[{"embeddable":true,"href":"https:\/\/plazajuarez.mx\/historico\/wp-json\/wp\/v2\/comments?post=242986"}],"version-history":[{"count":0,"href":"https:\/\/plazajuarez.mx\/historico\/wp-json\/wp\/v2\/posts\/242986\/revisions"}],"wp:featuredmedia":[{"embeddable":true,"href":"https:\/\/plazajuarez.mx\/historico\/wp-json\/wp\/v2\/media\/241756"}],"wp:attachment":[{"href":"https:\/\/plazajuarez.mx\/historico\/wp-json\/wp\/v2\/media?parent=242986"}],"wp:term":[{"taxonomy":"category","embeddable":true,"href":"https:\/\/plazajuarez.mx\/historico\/wp-json\/wp\/v2\/categories?post=242986"},{"taxonomy":"post_tag","embeddable":true,"href":"https:\/\/plazajuarez.mx\/historico\/wp-json\/wp\/v2\/tags?post=242986"}],"curies":[{"name":"wp","href":"https:\/\/api.w.org\/{rel}","templated":true}]}}