{"id":242850,"date":"2022-12-22T06:41:29","date_gmt":"2022-12-22T12:41:29","guid":{"rendered":"https:\/\/plazajuarez.mx\/?p=242850"},"modified":"2022-12-22T06:45:36","modified_gmt":"2022-12-22T12:45:36","slug":"estetica-esplendor-dona-pelucas-a-mujeres-con-cancer","status":"publish","type":"post","link":"https:\/\/plazajuarez.mx\/historico\/estetica-esplendor-dona-pelucas-a-mujeres-con-cancer\/","title":{"rendered":"Est\u00e9tica &#8220;Esplendor&#8221; dona pelucas a mujeres con c\u00e1ncer"},"content":{"rendered":"\n<p>Margarita Morales Hern\u00e1ndez, estilista de la Est\u00e9tica &#8220;Esplendor&#8221;, quien se dedica junto con sus clientas a donar pelucas a mujeres con c\u00e1ncer expres\u00f3 &#8220;les ayudamos a su autoestima, su sonrisa es una gran satisfacci\u00f3n, al igual que poderles dar una alegr\u00eda, y seguiremos con esta labor mientras Dios lo permita y las personas, nuestros \u00e1ngeles, nos sigan ayudando&#8221;.<\/p>\n\n\n\n<p>Detall\u00f3 que una peluca sint\u00e9tica, como las que est\u00e1n donando, tiene un costo de entre 780 a 900 pesos &#8220;es sint\u00e9tico muy parecido al natural, es de buena calidad, algunas me donan el cabello y tambi\u00e9n las mandamos a hacer con un amigo en M\u00e9xico, en realidad de donaciones de cabello no han sido muchas, estas pelucas se las ponen las personas que son jud\u00edas, y usan mucho peluca, no son tan caras pero no son corrientes, son de muy buena calidad, el material con el que se tejen&#8221;.<\/p>\n\n\n\n<p>Agreg\u00f3 &#8220;no les pido ning\u00fan requisito para que las adquieran, las personas que vienen vienen sin cabello, en realidad la mayor\u00eda ha venido porque s\u00ed lo necesitan, les mido las pelucas, las que m\u00e1s les guste y les quede a su tipo de cara, hasta las llego a cortar, quitarle volumen o copete&#8221;.<\/p>\n\n\n\n<p>Margarita Morales asegur\u00f3 que esta labor altruista le ha ense\u00f1ado mucho: \u201cpienso seguir siempre, mientras las personas me sigan aportando voy a seguir con esta labor&#8221;.<\/p>\n\n\n\n<p>La est\u00e9tica se ubica en la colonia Morelos, en Colegio Militar 932 y aquellas mujeres que lo necesiten pueden acudir para que les sea donada una peluca que ser\u00e1 ajustada a sus caracter\u00edsticas faciales.<\/p>\n","protected":false},"excerpt":{"rendered":"<p>Margarita Morales Hern\u00e1ndez, estilista de la Est\u00e9tica &#8220;Esplendor&#8221;, quien se dedica junto con sus clientas a donar pelucas a mujeres con c\u00e1ncer expres\u00f3 &#8220;les ayudamos a su autoestima, su sonrisa es una gran satisfacci\u00f3n, al igual que poderles dar una alegr\u00eda, y seguiremos con esta labor mientras Dios lo permita y las personas, nuestros \u00e1ngeles, [&hellip;]<\/p>\n","protected":false},"author":73,"featured_media":242854,"comment_status":"closed","ping_status":"closed","sticky":false,"template":"","format":"standard","meta":{"footnotes":""},"categories":[15,59],"tags":[],"class_list":["post-242850","post","type-post","status-publish","format-standard","has-post-thumbnail","hentry","category-destacadas","category-general"],"_links":{"self":[{"href":"https:\/\/plazajuarez.mx\/historico\/wp-json\/wp\/v2\/posts\/242850","targetHints":{"allow":["GET"]}}],"collection":[{"href":"https:\/\/plazajuarez.mx\/historico\/wp-json\/wp\/v2\/posts"}],"about":[{"href":"https:\/\/plazajuarez.mx\/historico\/wp-json\/wp\/v2\/types\/post"}],"author":[{"embeddable":true,"href":"https:\/\/plazajuarez.mx\/historico\/wp-json\/wp\/v2\/users\/73"}],"replies":[{"embeddable":true,"href":"https:\/\/plazajuarez.mx\/historico\/wp-json\/wp\/v2\/comments?post=242850"}],"version-history":[{"count":0,"href":"https:\/\/plazajuarez.mx\/historico\/wp-json\/wp\/v2\/posts\/242850\/revisions"}],"wp:featuredmedia":[{"embeddable":true,"href":"https:\/\/plazajuarez.mx\/historico\/wp-json\/wp\/v2\/media\/242854"}],"wp:attachment":[{"href":"https:\/\/plazajuarez.mx\/historico\/wp-json\/wp\/v2\/media?parent=242850"}],"wp:term":[{"taxonomy":"category","embeddable":true,"href":"https:\/\/plazajuarez.mx\/historico\/wp-json\/wp\/v2\/categories?post=242850"},{"taxonomy":"post_tag","embeddable":true,"href":"https:\/\/plazajuarez.mx\/historico\/wp-json\/wp\/v2\/tags?post=242850"}],"curies":[{"name":"wp","href":"https:\/\/api.w.org\/{rel}","templated":true}]}}