{"id":242843,"date":"2022-12-22T06:17:31","date_gmt":"2022-12-22T12:17:31","guid":{"rendered":"https:\/\/plazajuarez.mx\/?p=242843"},"modified":"2022-12-22T06:25:30","modified_gmt":"2022-12-22T12:25:30","slug":"en-promedio-un-total-de-50-frentes-frios-en-la-temporada","status":"publish","type":"post","link":"https:\/\/plazajuarez.mx\/historico\/en-promedio-un-total-de-50-frentes-frios-en-la-temporada\/","title":{"rendered":"En promedio un total de 50 frentes fr\u00edos en la temporada"},"content":{"rendered":"\n<p>El subsecretario de Protecci\u00f3n Civil y Gesti\u00f3n de Riesgos de Hidalgo, Enrique Padilla Hern\u00e1ndez, se\u00f1al\u00f3 que en la temporada de frentes fr\u00edos, se pronostican alrededor de 50 fen\u00f3menos con diferentes caracter\u00edsticas.<\/p>\n\n\n\n<p>Record\u00f3 que la temporada inici\u00f3 el pasado mes de septiembre y concluye hasta mayo del 2023, \u201cno todos ellos generan las mismas caracter\u00edsticas de descenso t\u00e9rmico o aceleraci\u00f3n de los vientos\u201d.<\/p>\n\n\n\n<p>Precis\u00f3 que las condiciones de cada frente fr\u00edo est\u00e1 condicionado a la masa que lo impulse, es decir, una masa fr\u00eda, una masa polar o bien una masa \u00e1rtica, \u201ceste es la condicionante o la caracter\u00edstica para los efectos que se puedan generar en el estado\u201d.<\/p>\n\n\n\n<p>Padilla Hern\u00e1ndez apunt\u00f3 que normalmente el&nbsp; desplazamiento de los frentes fr\u00edos es de norte a sur y en su mayor\u00eda entran por la vertiente oriental a la entidad.<\/p>\n\n\n\n<p>En ese sentido explic\u00f3 que las condiciones t\u00e9rmicas de fr\u00edo se resienten principalmente a finales de diciembre y principios de enero, siendo \u00e9ste \u00faltimo el m\u00e1s fr\u00edo de la temporada invernal.<\/p>\n\n\n\n<p>Agreg\u00f3 \u201cno estamos exentos que se pudieran generar condiciones de tiempo invernal que no es lo mismo que el invierno, sino alguna caracter\u00edstica atmosf\u00e9rica que pudiera generar heladas severas, centelladas, pero eso se ir\u00e1 viendo a ra\u00edz del desplazamiento de los pr\u00f3ximos frentes fr\u00edos y eso no se puede diagnosticar\u201d.<\/p>\n","protected":false},"excerpt":{"rendered":"<p>El subsecretario de Protecci\u00f3n Civil y Gesti\u00f3n de Riesgos de Hidalgo, Enrique Padilla Hern\u00e1ndez, se\u00f1al\u00f3 que en la temporada de frentes fr\u00edos, se pronostican alrededor de 50 fen\u00f3menos con diferentes caracter\u00edsticas. Record\u00f3 que la temporada inici\u00f3 el pasado mes de septiembre y concluye hasta mayo del 2023, \u201cno todos ellos generan las mismas caracter\u00edsticas de [&hellip;]<\/p>\n","protected":false},"author":73,"featured_media":242848,"comment_status":"closed","ping_status":"closed","sticky":false,"template":"","format":"standard","meta":{"footnotes":""},"categories":[15,59],"tags":[],"class_list":["post-242843","post","type-post","status-publish","format-standard","has-post-thumbnail","hentry","category-destacadas","category-general"],"_links":{"self":[{"href":"https:\/\/plazajuarez.mx\/historico\/wp-json\/wp\/v2\/posts\/242843","targetHints":{"allow":["GET"]}}],"collection":[{"href":"https:\/\/plazajuarez.mx\/historico\/wp-json\/wp\/v2\/posts"}],"about":[{"href":"https:\/\/plazajuarez.mx\/historico\/wp-json\/wp\/v2\/types\/post"}],"author":[{"embeddable":true,"href":"https:\/\/plazajuarez.mx\/historico\/wp-json\/wp\/v2\/users\/73"}],"replies":[{"embeddable":true,"href":"https:\/\/plazajuarez.mx\/historico\/wp-json\/wp\/v2\/comments?post=242843"}],"version-history":[{"count":0,"href":"https:\/\/plazajuarez.mx\/historico\/wp-json\/wp\/v2\/posts\/242843\/revisions"}],"wp:featuredmedia":[{"embeddable":true,"href":"https:\/\/plazajuarez.mx\/historico\/wp-json\/wp\/v2\/media\/242848"}],"wp:attachment":[{"href":"https:\/\/plazajuarez.mx\/historico\/wp-json\/wp\/v2\/media?parent=242843"}],"wp:term":[{"taxonomy":"category","embeddable":true,"href":"https:\/\/plazajuarez.mx\/historico\/wp-json\/wp\/v2\/categories?post=242843"},{"taxonomy":"post_tag","embeddable":true,"href":"https:\/\/plazajuarez.mx\/historico\/wp-json\/wp\/v2\/tags?post=242843"}],"curies":[{"name":"wp","href":"https:\/\/api.w.org\/{rel}","templated":true}]}}