{"id":24279,"date":"2016-07-06T12:09:00","date_gmt":"2016-07-06T12:09:00","guid":{"rendered":"http:\/\/plazajuarez.mx\/index\/index.php\/2016\/07\/06\/para-donde-hacerse\/"},"modified":"2016-07-06T12:09:00","modified_gmt":"2016-07-06T12:09:00","slug":"para-donde-hacerse","status":"publish","type":"post","link":"https:\/\/plazajuarez.mx\/historico\/para-donde-hacerse\/","title":{"rendered":"\u00bfPara d\u00f3nde hacerse?"},"content":{"rendered":"<p style=\"text-align: justify;\">VITRAL POL\u00cdTICO<\/p>\n<p>  <!--more-->  <\/p>\n<p style=\"text-align: justify;\">Es un misterio lo que ha investigado el gobierno de Enrique Pe\u00f1a Nieto sobre los hechos violentos del 19 de junio, en Nochixtl\u00e1n, Oaxaca, entre la fuerza p\u00fablica y activistas en un bloqueo de la CNTE.<br \/>Algo evidente es que no hay autoridad federal a la que se le puedan creer resultados iniciales de las investigaciones, a menos que el expediente arrojara culpas de funcionarios y jefes policiacos. Es el signo de los tiempos.<br \/>En alg\u00fan momento, las autoridades de la PGR y de la Secretar\u00eda de Gobernaci\u00f3n deber\u00e1n presentar resultados de sus pesquisas y es de esperarse que ya no se argumenten \u201cverdades hist\u00f3ricas\u201d, y que lo recabado corresponda a los hechos que ocurrieron.<br \/>Crecen las voces que piden introducir cambios a la legislaci\u00f3n educativa, porque, argumentan, se trata de una ley impuesta, inaplicable, que se aprob\u00f3 de espaldas al magisterio, y que constituye una reforma administrativa, que no al sistema sustancial de ense\u00f1anza.<br \/>Dicen que la reforma educativa es punitiva, que el magisterio pone en riesgo su empleo, con evaluaciones aplicadas en lugares bajo atemorizante vigilancia policiaca. Falta decir que el Congreso aprob\u00f3 disposiciones para evitar que est\u00e9n frente a grupo personas que heredaron la plaza, sin idea de qu\u00e9 es ser profesor.<br \/>La aplicaci\u00f3n de la norma aprob\u00f3 que haya disciplina educativa en entidades de la federaci\u00f3n que por m\u00e1s de 30 a\u00f1os han sido reino del caos, bajo la conducci\u00f3n de dirigentes gremiales.<br \/>Exige la CNTE marcha atr\u00e1s a las leyes, y las fuerzas pol\u00edticas afines, como lo son el PRD, PT, MC, Morena, apuestan a que se emprendan cambios a la Ley General de Educaci\u00f3n, que desechen la evaluaci\u00f3n, la disciplina, s\u00ed, laboral, de que el que no trabaja no cobra.<br \/>Dif\u00edciles d\u00edas vive el pa\u00eds por este conflicto y valdr\u00eda la pena que el gobierno federal y sus funcionarios, as\u00ed como los l\u00edderes del Congreso y los gobernadores, establezcan hasta d\u00f3nde es posible llevar el problema. La gente necesita o\u00edr a la autoridad y as\u00ed entender para d\u00f3nde hacerse\u2026 <br \/>CONTRASTE. \u2013 Margarita Zavala se perfila hoy como la gran figura del PAN hacia el 2018, pero tambi\u00e9n en la formaci\u00f3n de una alianza de Acci\u00f3n Nacional con el PRD. Pero esa fotograf\u00eda del momento puede cambiar sobre la marcha, que tiene una escala en las elecciones de 2017, en tanto que los perredistas resuelven qu\u00e9 liderazgo siguen, si uno aliancista u otro opuesto a dicha estrategia\u2026<br \/>OSCURIDAD. \u2014El senador Jes\u00fas Casillas Romero (PRI) lamenta que las autoridades federales y locales que concurren en la Comisi\u00f3n Ambiental de la Megal\u00f3polis, hayan fracasado en la implementaci\u00f3n de la nueva etapa de medidas para abatir la contaminaci\u00f3n del aire.<br \/>En casi la totalidad de los Verificentros se han reportado irregularidades, y aunque de ello son m\u00faltiples las autoridades responsables, el da\u00f1o pol\u00edtico se concentra en el jefe de Gobierno de la Ciudad de M\u00e9xico, Miguel \u00c1ngel Mancera Espinosa. Sumado el enojo social por el Reglamento de Tr\u00e1nsito, el principal pol\u00edtico de oposici\u00f3n est\u00e1 perdido, cuando deber\u00eda esperarse que su perfil atraiga adeptos\u2026<br \/>VENTANAL. \u2014El Senado aprob\u00f3 observaciones del Ejecutivo que retiraron la obligaci\u00f3n de los empresarios de presentar declaraciones p\u00fablicas, como hab\u00eda aprobado el Congreso, en junio. Emilio Gamboa (PRI) y Pablo Escudero (PVEM) explicaron que, sin embargo, en la ley se sanciona a los particulares. Hoy, la C\u00e1mara de Diputados asume la visi\u00f3n presidencial y el nuevo Sistema Anticorrupci\u00f3n pronto entrar\u00e1 en vigor\u2026<br \/>VITRAL SOCIAL. \u2014El 066 atiende llamadas de emergencia en general.<\/p>\n","protected":false},"excerpt":{"rendered":"<p>VITRAL POL\u00cdTICO<\/p>\n","protected":false},"author":93,"featured_media":0,"comment_status":"open","ping_status":"open","sticky":false,"template":"","format":"standard","meta":{"footnotes":""},"categories":[42],"tags":[],"class_list":["post-24279","post","type-post","status-publish","format-standard","hentry","category-nuestrapalabra"],"_links":{"self":[{"href":"https:\/\/plazajuarez.mx\/historico\/wp-json\/wp\/v2\/posts\/24279","targetHints":{"allow":["GET"]}}],"collection":[{"href":"https:\/\/plazajuarez.mx\/historico\/wp-json\/wp\/v2\/posts"}],"about":[{"href":"https:\/\/plazajuarez.mx\/historico\/wp-json\/wp\/v2\/types\/post"}],"author":[{"embeddable":true,"href":"https:\/\/plazajuarez.mx\/historico\/wp-json\/wp\/v2\/users\/93"}],"replies":[{"embeddable":true,"href":"https:\/\/plazajuarez.mx\/historico\/wp-json\/wp\/v2\/comments?post=24279"}],"version-history":[{"count":0,"href":"https:\/\/plazajuarez.mx\/historico\/wp-json\/wp\/v2\/posts\/24279\/revisions"}],"wp:attachment":[{"href":"https:\/\/plazajuarez.mx\/historico\/wp-json\/wp\/v2\/media?parent=24279"}],"wp:term":[{"taxonomy":"category","embeddable":true,"href":"https:\/\/plazajuarez.mx\/historico\/wp-json\/wp\/v2\/categories?post=24279"},{"taxonomy":"post_tag","embeddable":true,"href":"https:\/\/plazajuarez.mx\/historico\/wp-json\/wp\/v2\/tags?post=24279"}],"curies":[{"name":"wp","href":"https:\/\/api.w.org\/{rel}","templated":true}]}}