{"id":242753,"date":"2022-12-21T08:05:00","date_gmt":"2022-12-21T14:05:00","guid":{"rendered":"https:\/\/plazajuarez.mx\/?p=242753"},"modified":"2022-12-21T10:08:27","modified_gmt":"2022-12-21T16:08:27","slug":"el-pequeno-timmy-9","status":"publish","type":"post","link":"https:\/\/plazajuarez.mx\/historico\/el-pequeno-timmy-9\/","title":{"rendered":"EL PEQUE\u00d1O TIMMY\u00a0"},"content":{"rendered":"\n<h2 class=\"wp-block-heading\">La foto con el poderoso\u00a0<\/h2>\n\n\n\n<p>Que feas costumbres tienen ciertas personas, que nada m\u00e1s andan tom\u00e1ndose la foto con gente en el poder para ver si se les pega tantita suerte, o si en el futuro con esas mismas fotos pueden comprobar que siempre fueron \u201cfieles admiradores y admiradoras\u201d del personaje en turno, no hablo de aquella gente que simplemente demuestran su admiraci\u00f3n o quieren presumir que conocieron a cierto pol\u00edtico, sino m\u00e1s bien de aquellos c\u00ednicos sinverg\u00fcenzas que quieren hacer de la fotograf\u00eda su pase a las grandes ligas o a la redenci\u00f3n en el peorcito de los casos.&nbsp;<\/p>\n\n\n\n<p>Es pertinente recordar al difunto presidente de Mineral de la Reforma, Filiberto Hern\u00e1ndez Monzalvo, y las gotas de sudor que expiraba s\u00f3lo para acercarse a Omar Fayad cuando reci\u00e9n hab\u00eda quedado como gobernador, tambi\u00e9n es importante rememorar a la ahora titular de la Secretar\u00eda de Desarrollo Social, Simey Olvera, con las fotos con cuanto pol\u00edtico se atraviesa, as\u00ed mismo otros pol\u00edticos de bajo rango que presumen en redes sociales \u201cconocer\u201d hasta al propio presidente de la rep\u00fablica, cuando Andr\u00e9s Manuel L\u00f3pez Obrador ni le va ni le viene, y es m\u00e1s, ni siquiera sabe de sus miserables existencias.&nbsp;<\/p>\n\n\n\n<p>La lista es inagotable, hay algunos como Ernesto Vazquez Baca, qui\u00e9n presumi\u00f3 en sus redes sociales ser compa del ahora rey de Inglaterra, Carlos III o la diputada local Sharon \u201cChacotera\u201d, con sus fotos con funcionarios p\u00fablicos y corcholatas; pero el que \u00faltimamente ha dado pena ajena es&nbsp; Alejandro Sierra Tello, presidente de Mineral del Monte, quien inocentemente ha buscado tomarse una foto con el encargado de la Procuradur\u00eda General de Justicia del Estado de Hidalgo (PGJEH) Santiago Nieto Castillo, como si as\u00ed pudiera evitar el l\u00e1tigo de la justicia, por investigaciones que seguramente ya vienen en camino\u00b7<\/p>\n\n\n\n<p>Esto de las fotos con \u201clos poderosos\u201d es una moda de vulgares perfiles que buscan demostrar amistad y compadrazgo con los que en su momento tienen el poder, y as\u00ed como todos quieren tomarse la foto con el \u201cpoderoso\u201d en turno, tambi\u00e9n todos las esconden cuando la justicia les cae encima a sus \u00eddolos y entonces presumen nunca haberlos conocido, s\u00f3lo hay que preguntarle a Rosario Robles, Cipriano Charrez, Mirna Garc\u00eda, e incluso a Omar Fayad y otros ex gobernadores a quienes una vez que dejaron el trono, ya no tuvieron tantos lambiscones queri\u00e9ndose tomar la foto con ellos.<\/p>\n\n\n\n<p>Anteriormente se ten\u00eda el dicho en tiempos electorales que \u201cquien se mueve no sale en la foto\u201d, hoy los tiempos han cambiado y lo importante para estos miserables perfiles carentes de luz y brillo propio es \u201caunque movido, el chiste es salir en la foto\u201d y como dir\u00eda la canci\u00f3n \u201cfallaste coraz\u00f3n, qu\u00e9 l\u00e1stima me das\u201d.&nbsp;<\/p>\n","protected":false},"excerpt":{"rendered":"<p>La foto con el poderoso\u00a0 Que feas costumbres tienen ciertas personas, que nada m\u00e1s andan tom\u00e1ndose la foto con gente en el poder para ver si se les pega tantita suerte, o si en el futuro con esas mismas fotos pueden comprobar que siempre fueron \u201cfieles admiradores y admiradoras\u201d del personaje en turno, no hablo [&hellip;]<\/p>\n","protected":false},"author":93,"featured_media":242028,"comment_status":"closed","ping_status":"closed","sticky":false,"template":"","format":"standard","meta":{"footnotes":""},"categories":[2168,42],"tags":[],"class_list":["post-242753","post","type-post","status-publish","format-standard","has-post-thumbnail","hentry","category-el-pequeno-timmy","category-nuestrapalabra"],"_links":{"self":[{"href":"https:\/\/plazajuarez.mx\/historico\/wp-json\/wp\/v2\/posts\/242753","targetHints":{"allow":["GET"]}}],"collection":[{"href":"https:\/\/plazajuarez.mx\/historico\/wp-json\/wp\/v2\/posts"}],"about":[{"href":"https:\/\/plazajuarez.mx\/historico\/wp-json\/wp\/v2\/types\/post"}],"author":[{"embeddable":true,"href":"https:\/\/plazajuarez.mx\/historico\/wp-json\/wp\/v2\/users\/93"}],"replies":[{"embeddable":true,"href":"https:\/\/plazajuarez.mx\/historico\/wp-json\/wp\/v2\/comments?post=242753"}],"version-history":[{"count":0,"href":"https:\/\/plazajuarez.mx\/historico\/wp-json\/wp\/v2\/posts\/242753\/revisions"}],"wp:featuredmedia":[{"embeddable":true,"href":"https:\/\/plazajuarez.mx\/historico\/wp-json\/wp\/v2\/media\/242028"}],"wp:attachment":[{"href":"https:\/\/plazajuarez.mx\/historico\/wp-json\/wp\/v2\/media?parent=242753"}],"wp:term":[{"taxonomy":"category","embeddable":true,"href":"https:\/\/plazajuarez.mx\/historico\/wp-json\/wp\/v2\/categories?post=242753"},{"taxonomy":"post_tag","embeddable":true,"href":"https:\/\/plazajuarez.mx\/historico\/wp-json\/wp\/v2\/tags?post=242753"}],"curies":[{"name":"wp","href":"https:\/\/api.w.org\/{rel}","templated":true}]}}