{"id":242734,"date":"2022-12-21T08:22:00","date_gmt":"2022-12-21T14:22:00","guid":{"rendered":"https:\/\/plazajuarez.mx\/?p=242734"},"modified":"2022-12-21T09:39:05","modified_gmt":"2022-12-21T15:39:05","slug":"la-muerte-el-dolor-siempre-nos-hara-iguales","status":"publish","type":"post","link":"https:\/\/plazajuarez.mx\/historico\/la-muerte-el-dolor-siempre-nos-hara-iguales\/","title":{"rendered":"La muerte, el dolor, siempre nos har\u00e1 iguales"},"content":{"rendered":"\n<h2 class=\"wp-block-heading\">RETRATOS HABLADOS<\/h2>\n\n\n\n<p><strong>Somos simples seres humanos.<\/strong><\/p>\n\n\n\n<p>He conocido por asuntos de trabajo, a gente de poder, a los que incluso en un momento determinado consider\u00e9 invulnerables a cualquier accidente de helic\u00f3ptero. Nunca los vi con miedo cuando la aeronave sub\u00eda y sub\u00eda sin que se despejara la neblina que simplemente obligaba a que el piloto volara a ciegas a falta de radar, en esos tiempos.&nbsp;<\/p>\n\n\n\n<p>Mientras los que \u00edbamos de invitados de prensa encomend\u00e1bamos nuestra alma al creador, los que viajaban en la parte delantera bromeaban sobre la posible aparici\u00f3n de una \u201cnube con hueso\u201d, es decir la probabilidad de que nos estrell\u00e1ramos contra una monta\u00f1a.&nbsp;<\/p>\n\n\n\n<p>Pens\u00e9 que con toda seguridad nada nos pasar\u00eda porque los del poder lo aseguraban, es decir les adjudicaba casi poderes m\u00e1gicos sin dudarlo en ning\u00fan momento. Y efectivamente, al rato salt\u00e1bamos arriba de las nubes sin habernos estampado.<\/p>\n\n\n\n<p>Debe ser la seguridad, o tal vez incluso est\u00e1n ciertos que alg\u00fan misterioso poder los cuida.<\/p>\n\n\n\n<p>Sin embargo, pasado el tiempo, m\u00e1s de 30 a\u00f1os, descubro para bien de la vida misma, que en la tragedia personal que a todos nos ha tocado en alg\u00fan instante de la existencia, todos somos iguales, inermes ante el destino, ante la vida que a veces no agarra a porrazos en la nuca y nos deja mal heridos sin \u00e1nimos para seguir.<\/p>\n\n\n\n<p>El mayor beneficio cuando el dolor toca a la puerta, es recuperar el sentido simple y llano de que, despu\u00e9s de todo, simple y sencillamente somos igual que los cientos, miles, que van junto a nosotros en el camino de la hermosa vida.<\/p>\n\n\n\n<p>Ni m\u00e1s, ni menos, simplemente en una historia en que algunos son protagonistas, otros actores secundarios, y un buen n\u00famero de extras sin nombre en los cr\u00e9ditos finales. Pero el asunto es que todos somos iguales, y la tragedia nos hace a\u00fan m\u00e1s iguales, m\u00e1s cercanos a lo que el otro siente, m\u00e1s dispuestos a la empat\u00eda con nuestros semejantes.<\/p>\n\n\n\n<p>As\u00ed que despu\u00e9s de todo, caminamos un mismo camino, en el que debe unirnos el factor fundamental del dolor humano, del dolor en que tarde o temprano comprendemos la necesidad justa de comprender a quien va a nuestro lado, conozcamos o no.<\/p>\n\n\n\n<p>No, los hombres y mujeres de poder no son invulnerables. Nunca lo han sido, y hemos sido todos responsables de construirles la leyenda de que pueden sobrevivir a situaciones que los otros, nosotros, simplemente nos resulta imposible.<\/p>\n\n\n\n<p>Hace falta recordarnos cada d\u00eda que es una suerte andar por este mundo, tener a nuestro lado gente que nos ama y amamos. Hace falta disfrutar la existencia d\u00eda a d\u00eda, hora a hora, porque en cualquier instante nos tocar\u00e1 caminar rumbo a la otra realidad que siempre hemos sabido existe, o al otro mundo, a otro lugar simplemente.<\/p>\n\n\n\n<p>Es el tiempo justo para comprender que la vida es tan pero tan inteligente, que coloc\u00f3 a la muerte para recordarnos que antes que todo somos simples, diminutos seres humanos que luchan todos los d\u00edas por cumplir una tarea vital, \u00fanica y definitiva: amar, retomar la vocaci\u00f3n por ser m\u00e1s parte de nuestros semejantes, sin otro \u00e1nimo que disfrutar su compa\u00f1\u00eda, su propia vida.<\/p>\n\n\n\n<p>No hay nada m\u00e1s valioso que entender que las tragedias que todos hemos vivido, son la mano que extiende el destino para retomar el camino del ser humano que fuimos de ni\u00f1os: ilusionados, esperanzados en todo y en todos.<\/p>\n\n\n\n<p>Mil gracias, hasta ma\u00f1ana.<\/p>\n\n\n\n<p><a href=\"mailto:jeperalta@plazajuarez.mx\/historico\/historico\">jeperalta@plazajuarez.mx\/historico\/historico<\/a><\/p>\n\n\n\n<p>@JavierEPeralta<\/p>\n","protected":false},"excerpt":{"rendered":"<p>RETRATOS HABLADOS Somos simples seres humanos. He conocido por asuntos de trabajo, a gente de poder, a los que incluso en un momento determinado consider\u00e9 invulnerables a cualquier accidente de helic\u00f3ptero. Nunca los vi con miedo cuando la aeronave sub\u00eda y sub\u00eda sin que se despejara la neblina que simplemente obligaba a que el piloto [&hellip;]<\/p>\n","protected":false},"author":10,"featured_media":241756,"comment_status":"closed","ping_status":"closed","sticky":false,"template":"","format":"standard","meta":{"footnotes":""},"categories":[49,42],"tags":[],"class_list":["post-242734","post","type-post","status-publish","format-standard","has-post-thumbnail","hentry","category-javier-peralta","category-nuestrapalabra"],"_links":{"self":[{"href":"https:\/\/plazajuarez.mx\/historico\/wp-json\/wp\/v2\/posts\/242734","targetHints":{"allow":["GET"]}}],"collection":[{"href":"https:\/\/plazajuarez.mx\/historico\/wp-json\/wp\/v2\/posts"}],"about":[{"href":"https:\/\/plazajuarez.mx\/historico\/wp-json\/wp\/v2\/types\/post"}],"author":[{"embeddable":true,"href":"https:\/\/plazajuarez.mx\/historico\/wp-json\/wp\/v2\/users\/10"}],"replies":[{"embeddable":true,"href":"https:\/\/plazajuarez.mx\/historico\/wp-json\/wp\/v2\/comments?post=242734"}],"version-history":[{"count":0,"href":"https:\/\/plazajuarez.mx\/historico\/wp-json\/wp\/v2\/posts\/242734\/revisions"}],"wp:featuredmedia":[{"embeddable":true,"href":"https:\/\/plazajuarez.mx\/historico\/wp-json\/wp\/v2\/media\/241756"}],"wp:attachment":[{"href":"https:\/\/plazajuarez.mx\/historico\/wp-json\/wp\/v2\/media?parent=242734"}],"wp:term":[{"taxonomy":"category","embeddable":true,"href":"https:\/\/plazajuarez.mx\/historico\/wp-json\/wp\/v2\/categories?post=242734"},{"taxonomy":"post_tag","embeddable":true,"href":"https:\/\/plazajuarez.mx\/historico\/wp-json\/wp\/v2\/tags?post=242734"}],"curies":[{"name":"wp","href":"https:\/\/api.w.org\/{rel}","templated":true}]}}