{"id":242732,"date":"2022-12-21T08:25:02","date_gmt":"2022-12-21T14:25:02","guid":{"rendered":"https:\/\/plazajuarez.mx\/?p=242732"},"modified":"2022-12-21T10:11:23","modified_gmt":"2022-12-21T16:11:23","slug":"dese-por-enterado-1067","status":"publish","type":"post","link":"https:\/\/plazajuarez.mx\/historico\/dese-por-enterado-1067\/","title":{"rendered":"DESE POR ENTERADO"},"content":{"rendered":"\n<p><strong>100 D\u00cdAS, EVALUACI\u00d3N DE GABINETE<\/strong>. \u2013 Sin duda son pocos d\u00edas para tener una evaluaci\u00f3n del gobierno que encabeza el gobernador, <strong>Julio Menchaca Salazar<\/strong>.&nbsp; La raz\u00f3n fundamental es que resulta complicado poner en marcha, en todo el sentido de la palabra, un Plan Estatal de Desarrollo, con un presupuesto que (valga la redundancia) no presupuest\u00f3, adem\u00e1s que buena parte de \u00e9ste ya fue aplicado o etiquetado. Pese a lo anotado, lo que s\u00ed se puede observar es hacia d\u00f3nde se orientan los objetivos fundamentales de la era Menchaca: sus prioridades que se observan son en materia de seguridad, atenci\u00f3n a zonas marginadas, fomento al empleo y combate a la pobreza. Sin embargo, lo que s\u00ed se tiene a estas alturas, es la calificaci\u00f3n que alcanzan cada uno de los integrantes de su gabinete, y en algunos casos la muy alta posibilidad de que no tengan una segunda oportunidad.<\/p>\n\n\n\n<p>***<\/p>\n\n\n\n<p><strong>EL MEJOR EVALUADO. \u2013 El secretario de Gobierno, Guillermo Olivares Reyna<\/strong>, alcanza una calificaci\u00f3n altamente positiva, con todo y errores simples que, como todos, ha cometido. Sin embargo, en su tarea fundamental, que es ser encargado de la pol\u00edtica interior, y ser el funcionario m\u00e1s importante por sus responsabilidades, solo despu\u00e9s del gobernador, ha sido eficiente, incluso brillante. Porque tiene muy claro el papel que le fue asignado, que de ninguna manera es entrometerse en querer ganar reflectores al primer mandatario por un absurdo \u201cyoyerismo\u201d. No, <strong>Olivares Reyna<\/strong> es un pol\u00edtico maduro, con un concepto claro del trabajo de un secretario de Gobierno. Poco dado a los reflectores, al protagonismo, sabe del refr\u00e1n que define a quien tiene a su cargo la pol\u00edtica interior: \u201centre menos se hable de \u00e9l, mejor; su actuar simplemente se siente en los hechos\u201d.<\/p>\n\n\n\n<p>***<\/p>\n\n\n\n<p><strong>POR EL MISMO CAMINO, LA TITULAR DE FINANZAS. \u2013 Mar\u00eda Esther Ram\u00edrez Vargas<\/strong>, secretaria de Finanzas, es sin duda una funcionaria de toda la confianza del gobernador <strong>Menchaca Salazar,<\/strong> que conoce su estilo de trabajo y es poco dada a los actos protag\u00f3nicos. Su trayectoria es una muestra clara de que sabe con qui\u00e9n trabaja, y sobre todo posee una trayectoria ligada a la filosof\u00eda del mandatario hidalguense. Con maestr\u00eda en Administraci\u00f3n P\u00fablica, <strong>Ram\u00edrez Vargas<\/strong> es del equipo m\u00e1s cercano al gobernador Menchaca, y en estos primeros 100 d\u00edas usted ha sido testigo de que gusta m\u00e1s de ponerse a trabajar, que buscar basura debajo de las alfombras. Es, pues, efectiva en lo que hace, y gana una calificaci\u00f3n muy alta en el arranque.<\/p>\n\n\n\n<p>***<\/p>\n\n\n\n<p><strong>EN EDUCACI\u00d3N, UN POL\u00cdTICO DE AMPLIO HISTORIAL; MIGUEL TELLO, CON TODO UN FUTURO. \u2013 Natividad Castrej\u00f3n<\/strong>, secretario de Educaci\u00f3n, conforma, junto con <strong>Miguel Tello<\/strong>, titular de Planeaci\u00f3n, el grupo compacto de cuatro funcionarios que por muchas razones son fundamentales para el jefe del Ejecutivo. <strong>Natividad<\/strong> ha sabido conducirse con prudencia y tacto, con notables logros en la relaci\u00f3n con el sindicato magisterial. Sabe buscar consensos, pero tambi\u00e9n poner orden donde llega. Lo ha hecho bien. Por su parte <strong>MIGUEL TELLO<\/strong>, sabe que tiene una responsabilidad may\u00fascula en Planeaci\u00f3n, donde <strong>Lam\u00e1n Carranza<\/strong> logr\u00f3 avances significativos. Tello tiene futuro pol\u00edtico y lo sabe. Es evidente tambi\u00e9n que luego de un arranque con altos niveles de protagonismo, supo entender y bajar esa tendencia porque es una pieza de por s\u00ed clave en el actual gobierno, y de ning\u00fan modo debe correr riesgos sin raz\u00f3n. Se asent\u00f3 en poco tiempo y va bien. (Ma\u00f1ana seguimos con los que ya no son del grupo compacto de \u201cLos 4\u201d)<\/p>\n\n\n\n<p>***<\/p>\n\n\n\n<p><strong>Aviso para que no digan: Esta columna se nutre de comentarios recabados por agencias del Recontra-Espionaje, muy similares a las que populariz\u00f3 el \u201cS\u00faper Agente 86\u201d en sus tiempos. Como tal lo que publicamos puede que sea cierto, puede que no, o todo lo contrario. Est\u00e1 usted en libertad de creer o no lo que lee, recontra-enojarse, recontra- carcajearse y hasta recontra-recordarnos a nuestra jefecita (nosotros recontra-haremos lo propio). Avisado est\u00e1 usted.&nbsp;<\/strong><\/p>\n\n\n\n<p><strong>desexenterado@gmail.com @desexenterado&nbsp;<\/strong><\/p>\n","protected":false},"excerpt":{"rendered":"<p>100 D\u00cdAS, EVALUACI\u00d3N DE GABINETE. \u2013 Sin duda son pocos d\u00edas para tener una evaluaci\u00f3n del gobierno que encabeza el gobernador, Julio Menchaca Salazar.&nbsp; La raz\u00f3n fundamental es que resulta complicado poner en marcha, en todo el sentido de la palabra, un Plan Estatal de Desarrollo, con un presupuesto que (valga la redundancia) no presupuest\u00f3, [&hellip;]<\/p>\n","protected":false},"author":93,"featured_media":241760,"comment_status":"closed","ping_status":"closed","sticky":false,"template":"","format":"standard","meta":{"footnotes":""},"categories":[83],"tags":[],"class_list":["post-242732","post","type-post","status-publish","format-standard","has-post-thumbnail","hentry","category-dese-por-enterado"],"_links":{"self":[{"href":"https:\/\/plazajuarez.mx\/historico\/wp-json\/wp\/v2\/posts\/242732","targetHints":{"allow":["GET"]}}],"collection":[{"href":"https:\/\/plazajuarez.mx\/historico\/wp-json\/wp\/v2\/posts"}],"about":[{"href":"https:\/\/plazajuarez.mx\/historico\/wp-json\/wp\/v2\/types\/post"}],"author":[{"embeddable":true,"href":"https:\/\/plazajuarez.mx\/historico\/wp-json\/wp\/v2\/users\/93"}],"replies":[{"embeddable":true,"href":"https:\/\/plazajuarez.mx\/historico\/wp-json\/wp\/v2\/comments?post=242732"}],"version-history":[{"count":0,"href":"https:\/\/plazajuarez.mx\/historico\/wp-json\/wp\/v2\/posts\/242732\/revisions"}],"wp:featuredmedia":[{"embeddable":true,"href":"https:\/\/plazajuarez.mx\/historico\/wp-json\/wp\/v2\/media\/241760"}],"wp:attachment":[{"href":"https:\/\/plazajuarez.mx\/historico\/wp-json\/wp\/v2\/media?parent=242732"}],"wp:term":[{"taxonomy":"category","embeddable":true,"href":"https:\/\/plazajuarez.mx\/historico\/wp-json\/wp\/v2\/categories?post=242732"},{"taxonomy":"post_tag","embeddable":true,"href":"https:\/\/plazajuarez.mx\/historico\/wp-json\/wp\/v2\/tags?post=242732"}],"curies":[{"name":"wp","href":"https:\/\/api.w.org\/{rel}","templated":true}]}}