{"id":242706,"date":"2022-12-20T14:23:15","date_gmt":"2022-12-20T20:23:15","guid":{"rendered":"https:\/\/plazajuarez.mx\/?p=242706"},"modified":"2022-12-20T14:23:22","modified_gmt":"2022-12-20T20:23:22","slug":"biden_-3","status":"publish","type":"post","link":"https:\/\/plazajuarez.mx\/historico\/biden_-3\/","title":{"rendered":"Biden y Trudeau confirman su viaje a M\u00e9xico en enero"},"content":{"rendered":"\n<p>El presidente de EE.UU., Joe Biden, y el primer ministro de Canad\u00e1, Justin Trudeau, viajar\u00e1n a M\u00e9xico el 9 y 10 de enero para participar en la Cumbre de L\u00edderes de Am\u00e9rica del Norte con su hom\u00f3logo mexicano, Andr\u00e9s Manuel L\u00f3pez Obrador, confirmaron este martes la Casa Blanca y el Gobierno canadiense.<\/p>\n\n\n\n<p>Se trata del primer viaje de Biden a M\u00e9xico y a Latinoam\u00e9rica desde que lleg\u00f3 a la Casa Blanca en enero de 2021.<\/p>\n\n\n\n<p>El portavoz del Consejo de Seguridad Nacional de la Casa Blanca, John Kirby, dijo en una llamada con periodistas que Biden asistir\u00e1 a la Cumbre de L\u00edderes de Am\u00e9rica del Norte, conocida como &#8220;la cumbre de los tres amigos&#8221;.<\/p>\n\n\n\n<p>En ese foro, &#8220;intentaremos construir un progreso desde la \u00faltima vez con iniciativas concretas que abordar\u00e1n los desaf\u00edos clim\u00e1ticos y medioambientales, que ayudar\u00e1n a aumentar la competitividad de Norteam\u00e9rica, proteger la salud y la seguridad de nuestros ciudadanos y responder de forma conjunta a la migraci\u00f3n irregular en la regi\u00f3n&#8221;, enumer\u00f3 el portavoz.<\/p>\n\n\n\n<p>Respecto al tema migratorio, Kirby adelant\u00f3 que espera que en la cumbre &#8220;esos tres l\u00edderes hablen de formas de fortalecer la cooperaci\u00f3n.<\/p>\n\n\n\n<p>La noche del lunes, el Tribunal Supremo de EE.UU. decidi\u00f3 paralizar el fin del T\u00edtulo 42, una norma sanitaria por la que Estados Unidos expulsa de manera expedita a los indocumentados que llegan a la frontera con M\u00e9xico con el pretexto de la pandemia, en respuesta a una demanda interpuesta por 19 de los 50 estados del pa\u00eds.<\/p>\n\n\n\n<p>Kirby indic\u00f3 que Biden &#8220;cree que una de las maneras m\u00e1s efectivas de abordar la presi\u00f3n en la frontera es hacerlo internacionalmente con los socios en Latinoam\u00e9rica para intentar frenar y desviar los flujos de migrantes que vienen, en particular de Centroam\u00e9rica&#8221;.<\/p>\n\n\n\n<p>El portavoz agreg\u00f3 que EE.UU. se est\u00e1 coordinando de &#8220;forma activa&#8221; con el Gobierno de M\u00e9xico sobre este asunto: &#8220;Como pueden imaginar hay una operaci\u00f3n anticontrabando, estamos trabajando con M\u00e9xico ahora&#8221;.<\/p>\n\n\n\n<p>Paralelamente, el primer ministro canadiense, Justin Trudeau, tambi\u00e9n anunci\u00f3 su participaci\u00f3n en la cumbre, donde quiere fortalecer las cadenas de suministro de veh\u00edculos el\u00e9ctricos en Norteam\u00e9rica y abordar las crisis clim\u00e1tica y migratoria, inform\u00f3 su oficina en un comunicado.<\/p>\n\n\n\n<p>\u201cEspero reunirme con mis hom\u00f3logos de Am\u00e9rica del Norte para discutir un camino com\u00fan hacia una econom\u00eda integrad, m\u00e1s limpia, m\u00e1s inclusiva y m\u00e1s competitiva. Juntos, podemos crear una Am\u00e9rica del Norte m\u00e1s fuerte y construir un futuro mejor\u201d, expres\u00f3 el propio Trudeau.<\/p>\n\n\n\n<p>L\u00f3pez Obrador ya hab\u00eda anticipado la asistencia de Biden y Trudeau a la cumbre, e incluso hab\u00eda ofrecido detalles sobre la visita del presidente de EE.UU., pero la Casa Blanca no lo hab\u00eda confirmado hasta este martes.<\/p>\n\n\n\n<p>La \u00faltima Cumbre de L\u00edderes de Am\u00e9rica del Norte ocurri\u00f3 en noviembre de 2021 en Washington, donde los tres responsables norteamericanos abordaron la pandemia de covid-19, la migraci\u00f3n y el Tratado entre M\u00e9xico, Estados Unidos y Canad\u00e1 (T-MEC).<\/p>\n\n\n\n<p>L\u00f3pez Obrador ya ha adelantado que presentar\u00e1 a Biden un plan de sustituci\u00f3n de importaciones para Norteam\u00e9rica en la reuni\u00f3n del pr\u00f3ximo enero.<\/p>\n\n\n\n<p>La cumbre trilateral se organizaba normalmente de forma anual, aunque el a\u00f1o pasado se celebr\u00f3 por primera vez desde 2016, despu\u00e9s de cuatro a\u00f1os paralizada durante el mandato de Donald Trump (2017-2021).<\/p>\n","protected":false},"excerpt":{"rendered":"<p>El presidente de EE.UU., Joe Biden, y el primer ministro de Canad\u00e1, Justin Trudeau, viajar\u00e1n a M\u00e9xico el 9 y 10 de enero para participar en la Cumbre de L\u00edderes de Am\u00e9rica del Norte con su hom\u00f3logo mexicano, Andr\u00e9s Manuel L\u00f3pez Obrador, confirmaron este martes la Casa Blanca y el Gobierno canadiense. Se trata del [&hellip;]<\/p>\n","protected":false},"author":80,"featured_media":242707,"comment_status":"closed","ping_status":"closed","sticky":false,"template":"","format":"standard","meta":{"footnotes":""},"categories":[15,31],"tags":[],"class_list":["post-242706","post","type-post","status-publish","format-standard","has-post-thumbnail","hentry","category-destacadas","category-orbe"],"_links":{"self":[{"href":"https:\/\/plazajuarez.mx\/historico\/wp-json\/wp\/v2\/posts\/242706","targetHints":{"allow":["GET"]}}],"collection":[{"href":"https:\/\/plazajuarez.mx\/historico\/wp-json\/wp\/v2\/posts"}],"about":[{"href":"https:\/\/plazajuarez.mx\/historico\/wp-json\/wp\/v2\/types\/post"}],"author":[{"embeddable":true,"href":"https:\/\/plazajuarez.mx\/historico\/wp-json\/wp\/v2\/users\/80"}],"replies":[{"embeddable":true,"href":"https:\/\/plazajuarez.mx\/historico\/wp-json\/wp\/v2\/comments?post=242706"}],"version-history":[{"count":0,"href":"https:\/\/plazajuarez.mx\/historico\/wp-json\/wp\/v2\/posts\/242706\/revisions"}],"wp:featuredmedia":[{"embeddable":true,"href":"https:\/\/plazajuarez.mx\/historico\/wp-json\/wp\/v2\/media\/242707"}],"wp:attachment":[{"href":"https:\/\/plazajuarez.mx\/historico\/wp-json\/wp\/v2\/media?parent=242706"}],"wp:term":[{"taxonomy":"category","embeddable":true,"href":"https:\/\/plazajuarez.mx\/historico\/wp-json\/wp\/v2\/categories?post=242706"},{"taxonomy":"post_tag","embeddable":true,"href":"https:\/\/plazajuarez.mx\/historico\/wp-json\/wp\/v2\/tags?post=242706"}],"curies":[{"name":"wp","href":"https:\/\/api.w.org\/{rel}","templated":true}]}}