{"id":242701,"date":"2022-12-20T14:07:50","date_gmt":"2022-12-20T20:07:50","guid":{"rendered":"https:\/\/plazajuarez.mx\/?p=242701"},"modified":"2022-12-20T14:07:55","modified_gmt":"2022-12-20T20:07:55","slug":"politico_","status":"publish","type":"post","link":"https:\/\/plazajuarez.mx\/historico\/politico_\/","title":{"rendered":"Sin nada pol\u00edtico: Sheinbaum por sanciones a alcald\u00edas de oposici\u00f3n"},"content":{"rendered":"\n<p>La Jefa de Gobierno de la Ciudad de M\u00e9xico, Claudia Sheinbaum, dijo que no tienen nada pol\u00edtico que haya m\u00e1s sanciones de la Contralor\u00eda General en alcald\u00edas de oposici\u00f3n, y que los casos debe ser un tema administrativo o por posible corrupci\u00f3n.<\/p>\n\n\n\n<p>&#8220;Aun cuando la Contralor\u00eda es parte del Gobierno central, ustedes saben que el contralor es electo por el Congreso (local) y por las caracter\u00edsticas de la Contralor\u00eda no acostumbro a establecer acuerdos a quien sanciona y qui\u00e9n no porque no es un asunto pol\u00edtico sino es un asunto administrativo y en su caso de posible corrupci\u00f3n&#8221;, mencion\u00f3 en conferencia de prensa.<\/p>\n\n\n\n<p>EL UNIVERSAL public\u00f3 este martes que la Secretar\u00eda de la Contralor\u00eda General ha sancionado, del 1 de octubre 2021 al 31 de octubre 2022, a 359 funcionarios, y la mayor\u00eda ha sido de alcald\u00edas de oposici\u00f3n, pero tambi\u00e9n de Morena, por amonestaciones p\u00fablicas y privadas, hasta indemnizar a la Hacienda P\u00fablica de la capital, suspensiones e inhabilitaci\u00f3n, en \u00c1lvaro Obreg\u00f3n no se han presentado.<\/p>\n\n\n\n<p>No obstante, Coyoac\u00e1n es hasta ahora la alcald\u00eda que reporta m\u00e1s sanciones a funcionarios, con 51 casos donde hubo amonestaci\u00f3n, suspensi\u00f3n e inhabilitaci\u00f3n y penalizaci\u00f3n econ\u00f3mica.<\/p>\n","protected":false},"excerpt":{"rendered":"<p>La Jefa de Gobierno de la Ciudad de M\u00e9xico, Claudia Sheinbaum, dijo que no tienen nada pol\u00edtico que haya m\u00e1s sanciones de la Contralor\u00eda General en alcald\u00edas de oposici\u00f3n, y que los casos debe ser un tema administrativo o por posible corrupci\u00f3n. &#8220;Aun cuando la Contralor\u00eda es parte del Gobierno central, ustedes saben que el [&hellip;]<\/p>\n","protected":false},"author":81,"featured_media":242702,"comment_status":"closed","ping_status":"closed","sticky":false,"template":"","format":"standard","meta":{"footnotes":""},"categories":[15,36,2160],"tags":[],"class_list":["post-242701","post","type-post","status-publish","format-standard","has-post-thumbnail","hentry","category-destacadas","category-nacion","category-noticias-de-la-ciudad-de-mexico"],"_links":{"self":[{"href":"https:\/\/plazajuarez.mx\/historico\/wp-json\/wp\/v2\/posts\/242701","targetHints":{"allow":["GET"]}}],"collection":[{"href":"https:\/\/plazajuarez.mx\/historico\/wp-json\/wp\/v2\/posts"}],"about":[{"href":"https:\/\/plazajuarez.mx\/historico\/wp-json\/wp\/v2\/types\/post"}],"author":[{"embeddable":true,"href":"https:\/\/plazajuarez.mx\/historico\/wp-json\/wp\/v2\/users\/81"}],"replies":[{"embeddable":true,"href":"https:\/\/plazajuarez.mx\/historico\/wp-json\/wp\/v2\/comments?post=242701"}],"version-history":[{"count":0,"href":"https:\/\/plazajuarez.mx\/historico\/wp-json\/wp\/v2\/posts\/242701\/revisions"}],"wp:featuredmedia":[{"embeddable":true,"href":"https:\/\/plazajuarez.mx\/historico\/wp-json\/wp\/v2\/media\/242702"}],"wp:attachment":[{"href":"https:\/\/plazajuarez.mx\/historico\/wp-json\/wp\/v2\/media?parent=242701"}],"wp:term":[{"taxonomy":"category","embeddable":true,"href":"https:\/\/plazajuarez.mx\/historico\/wp-json\/wp\/v2\/categories?post=242701"},{"taxonomy":"post_tag","embeddable":true,"href":"https:\/\/plazajuarez.mx\/historico\/wp-json\/wp\/v2\/tags?post=242701"}],"curies":[{"name":"wp","href":"https:\/\/api.w.org\/{rel}","templated":true}]}}