{"id":242695,"date":"2022-12-20T13:57:38","date_gmt":"2022-12-20T19:57:38","guid":{"rendered":"https:\/\/plazajuarez.mx\/?p=242695"},"modified":"2022-12-20T13:57:43","modified_gmt":"2022-12-20T19:57:43","slug":"santa_fe-3","status":"publish","type":"post","link":"https:\/\/plazajuarez.mx\/historico\/santa_fe-3\/","title":{"rendered":"Aumentan especulaciones sobre la ruptura entre Santa Fe Klan y Maya"},"content":{"rendered":"\n<p> A pesar de que el rapero Santa Fe Klan y la madre de su hijo Luka, Maya Nazor, visitaron el m\u00edtico Callej\u00f3n del beso (Guanajuato) en agosto de 2021 para darse tal muestra de afecto desde los balcones del lugar y as\u00ed librar siete a\u00f1os de mala suerte en su relaci\u00f3n, tal parece que no funcion\u00f3 del todo, pues en las \u00faltimas horas se levantaron especulaciones sobre el rompimiento de la influencer y el cantante.<\/p>\n\n\n\n<p>Todo comenz\u00f3 luego de que algunos fan\u00e1ticos de la modelo se percataran que en su perfil de TikTok ya no aparec\u00edan v\u00eddeos con el int\u00e9rprete de &#8220;As\u00ed soy&#8221;, lo que gener\u00f3 confusi\u00f3n debido a que en su Instagram a\u00fan permanecen algunos recuerdos con \u00c1ngel Quezada, nombre real del famoso.<\/p>\n\n\n\n<p>Si bien la &#8220;pareja&#8221; se hab\u00eda mantenido herm\u00e9tica con respecto a la situaci\u00f3n, fue Nazor quien decidi\u00f3 romper el silencio a trav\u00e9s de un en vivo en donde dio a conocer su actual estado sentimental.<\/p>\n\n\n\n<p>&#8220;\u00bfQu\u00e9 pas\u00f3 con \u00c1ngel? No quiero hablar de eso y s\u00f3lo les pido mucho respeto tanto para \u00e9l como para m\u00ed. El d\u00eda que queramos hablar lo vamos a decir, no tengo m\u00e1s qu\u00e9 hablar&#8221;, dijo a sus fans.<\/p>\n\n\n\n<p>Aunque dej\u00f3 en claro que no dar\u00e1 detalles de su vida privada, asegur\u00f3 que hay un cari\u00f1o y un respeto entre ambos debido a que hay un beb\u00e9 de por medio.<\/p>\n\n\n\n<p>&#8220;Solo s\u00ed me gustar\u00eda que dejen de estarme preguntando todo el tiempo por \u00c1ngel. \u00a1Basta!. Les pido a ustedes el respeto y el cari\u00f1o&#8221;, agreg\u00f3.<\/p>\n\n\n\n<p>De confirmarse el punto final en su relaci\u00f3n, ya que hasta el momento Klan no ha aceptado o confirmado la versi\u00f3n, la pareja estar\u00eda rompiendo a solo seis meses de la llegada de Luka.<\/p>\n\n\n\n<p>El cantante y Mayor dieron la noticia de su primog\u00e9nito en abril de este a\u00f1o.<\/p>\n\n\n\n<p>&#8220;Bienvenido al mundo mi ni\u00f1o, aqu\u00ed te espero hijo para cuidarte por siempre a ti y a tu mam\u00e1&#8221;, colg\u00f3 \u00c1ngel en su perfil de Instagram en donde se le observa abrazando a la youtuber.<\/p>\n\n\n\n<p>Santa Fe Klan rompe en llanto en pleno concierto<\/p>\n\n\n\n<p>Luego de que Maya compartiera el pol\u00e9mico mensaje con sus fan\u00e1ticos, en TikTok comenz\u00f3 a circular un video en el que \u00c1ngel rompe en llanto durante una de sus presentaciones.<\/p>\n\n\n\n<p>En el clip se observa que al inicio del tema &#8220;Se acab\u00f3&#8221;, integrantes de su equipo se acercan para externarle su apoyo, incluso una mujer lo abraza y le seca las l\u00e1grimas. A pesar de que externa sus emociones, el rapero sigue cantando dejando en claro su profesionalismo.<\/p>\n","protected":false},"excerpt":{"rendered":"<p>A pesar de que el rapero Santa Fe Klan y la madre de su hijo Luka, Maya Nazor, visitaron el m\u00edtico Callej\u00f3n del beso (Guanajuato) en agosto de 2021 para darse tal muestra de afecto desde los balcones del lugar y as\u00ed librar siete a\u00f1os de mala suerte en su relaci\u00f3n, tal parece que no [&hellip;]<\/p>\n","protected":false},"author":81,"featured_media":242696,"comment_status":"closed","ping_status":"closed","sticky":false,"template":"","format":"standard","meta":{"footnotes":""},"categories":[38],"tags":[],"class_list":["post-242695","post","type-post","status-publish","format-standard","has-post-thumbnail","hentry","category-show"],"_links":{"self":[{"href":"https:\/\/plazajuarez.mx\/historico\/wp-json\/wp\/v2\/posts\/242695","targetHints":{"allow":["GET"]}}],"collection":[{"href":"https:\/\/plazajuarez.mx\/historico\/wp-json\/wp\/v2\/posts"}],"about":[{"href":"https:\/\/plazajuarez.mx\/historico\/wp-json\/wp\/v2\/types\/post"}],"author":[{"embeddable":true,"href":"https:\/\/plazajuarez.mx\/historico\/wp-json\/wp\/v2\/users\/81"}],"replies":[{"embeddable":true,"href":"https:\/\/plazajuarez.mx\/historico\/wp-json\/wp\/v2\/comments?post=242695"}],"version-history":[{"count":0,"href":"https:\/\/plazajuarez.mx\/historico\/wp-json\/wp\/v2\/posts\/242695\/revisions"}],"wp:featuredmedia":[{"embeddable":true,"href":"https:\/\/plazajuarez.mx\/historico\/wp-json\/wp\/v2\/media\/242696"}],"wp:attachment":[{"href":"https:\/\/plazajuarez.mx\/historico\/wp-json\/wp\/v2\/media?parent=242695"}],"wp:term":[{"taxonomy":"category","embeddable":true,"href":"https:\/\/plazajuarez.mx\/historico\/wp-json\/wp\/v2\/categories?post=242695"},{"taxonomy":"post_tag","embeddable":true,"href":"https:\/\/plazajuarez.mx\/historico\/wp-json\/wp\/v2\/tags?post=242695"}],"curies":[{"name":"wp","href":"https:\/\/api.w.org\/{rel}","templated":true}]}}