{"id":242692,"date":"2022-12-20T13:52:38","date_gmt":"2022-12-20T19:52:38","guid":{"rendered":"https:\/\/plazajuarez.mx\/?p=242692"},"modified":"2022-12-20T13:52:44","modified_gmt":"2022-12-20T19:52:44","slug":"santa_claus","status":"publish","type":"post","link":"https:\/\/plazajuarez.mx\/historico\/santa_claus\/","title":{"rendered":"Santa Claus viaja en Metrob\u00fas, ya est\u00e1 en la CDMX"},"content":{"rendered":"\n<p>Este martes c\u00e1maras del Metrob\u00fas captaron a Santa Claus viajando en este transporte. Por lo que solicit\u00f3 a usuarios portarse bien para que Santa traiga regalos este 24 de diciembre.<\/p>\n\n\n\n<p>El Metrob\u00fas inform\u00f3 en redes sociales: &#8220;Santa viaja en Metrob\u00fas! P\u00f3rtate bien, dentro y fuera del Metrob\u00fas y esp\u00e9ralo&#8221;.<\/p>\n\n\n\n<p>Santa fue captado en la estaci\u00f3n Las Bombas de la l\u00ednea 5 que corre de Preparatoria 1 a R\u00edo de los Remedios.<\/p>\n\n\n\n<p>&#8212;\u00a1Detienen al &#8220;Grinch&#8221; en Tamaulipas!<\/p>\n\n\n\n<p>Mientras que Santa est\u00e1 preparando todo para que todos vivan unas fiestas inolvidables, el &#8220;Grinch&#8221; ha sido detenido antes de que pudiera robarse la Navidad.<\/p>\n\n\n\n<p>El presunto culpable fue identificado como &#8220;El Grinch&#8221;, el cual fue trasladado en una patrulla por el delito de robo, el sujeto trataba de robarse la navidad, los polic\u00edas de Tamaulipas impidieron el acto delictivo.<\/p>\n\n\n\n<p>Esto se trata de una representaci\u00f3n de Polic\u00edas del estado para hacer un poco m\u00e1s amena la vida de los habitantes.<\/p>\n","protected":false},"excerpt":{"rendered":"<p>Este martes c\u00e1maras del Metrob\u00fas captaron a Santa Claus viajando en este transporte. Por lo que solicit\u00f3 a usuarios portarse bien para que Santa traiga regalos este 24 de diciembre. El Metrob\u00fas inform\u00f3 en redes sociales: &#8220;Santa viaja en Metrob\u00fas! P\u00f3rtate bien, dentro y fuera del Metrob\u00fas y esp\u00e9ralo&#8221;. Santa fue captado en la estaci\u00f3n [&hellip;]<\/p>\n","protected":false},"author":81,"featured_media":242693,"comment_status":"closed","ping_status":"closed","sticky":false,"template":"","format":"standard","meta":{"footnotes":""},"categories":[15,36,2160],"tags":[],"class_list":["post-242692","post","type-post","status-publish","format-standard","has-post-thumbnail","hentry","category-destacadas","category-nacion","category-noticias-de-la-ciudad-de-mexico"],"_links":{"self":[{"href":"https:\/\/plazajuarez.mx\/historico\/wp-json\/wp\/v2\/posts\/242692","targetHints":{"allow":["GET"]}}],"collection":[{"href":"https:\/\/plazajuarez.mx\/historico\/wp-json\/wp\/v2\/posts"}],"about":[{"href":"https:\/\/plazajuarez.mx\/historico\/wp-json\/wp\/v2\/types\/post"}],"author":[{"embeddable":true,"href":"https:\/\/plazajuarez.mx\/historico\/wp-json\/wp\/v2\/users\/81"}],"replies":[{"embeddable":true,"href":"https:\/\/plazajuarez.mx\/historico\/wp-json\/wp\/v2\/comments?post=242692"}],"version-history":[{"count":0,"href":"https:\/\/plazajuarez.mx\/historico\/wp-json\/wp\/v2\/posts\/242692\/revisions"}],"wp:featuredmedia":[{"embeddable":true,"href":"https:\/\/plazajuarez.mx\/historico\/wp-json\/wp\/v2\/media\/242693"}],"wp:attachment":[{"href":"https:\/\/plazajuarez.mx\/historico\/wp-json\/wp\/v2\/media?parent=242692"}],"wp:term":[{"taxonomy":"category","embeddable":true,"href":"https:\/\/plazajuarez.mx\/historico\/wp-json\/wp\/v2\/categories?post=242692"},{"taxonomy":"post_tag","embeddable":true,"href":"https:\/\/plazajuarez.mx\/historico\/wp-json\/wp\/v2\/tags?post=242692"}],"curies":[{"name":"wp","href":"https:\/\/api.w.org\/{rel}","templated":true}]}}