{"id":242668,"date":"2022-12-20T08:45:33","date_gmt":"2022-12-20T14:45:33","guid":{"rendered":"https:\/\/plazajuarez.mx\/?p=242668"},"modified":"2022-12-20T08:45:39","modified_gmt":"2022-12-20T14:45:39","slug":"aplicaran-primera-y-segunda-vacuna-anti-covid-en-infantes","status":"publish","type":"post","link":"https:\/\/plazajuarez.mx\/historico\/aplicaran-primera-y-segunda-vacuna-anti-covid-en-infantes\/","title":{"rendered":"<strong>Aplicar\u00e1n primera y segunda vacuna anti covid en infantes<\/strong>"},"content":{"rendered":"\n<p>De acuerdo con informaci\u00f3n publicada por la Delegaci\u00f3n de Programas para el Bienestar Hidalgo, en 75 municipios de la entidad estar\u00e1n aplicando la primera y segunda dosis de la vacuna contra COVID-19 en ni\u00f1os menores de 5 a 11 a\u00f1os de edad.<\/p>\n\n\n\n<p>Cabe destacar que el biol\u00f3gico que ser\u00e1 administrado es de la farmac\u00e9utica Pfizer BioNTech, y para recibir la primera dosis deber\u00e1n presentar el folio de registro, CURP, e identificaci\u00f3n de la persona adulta acompa\u00f1ante; mientras que para la segunda dosis deber\u00e1n incrementar a estos documentos el comprobante de primer vacuna.<\/p>\n\n\n\n<p>En ambos casos es necesario llevar el expediente de vacunaci\u00f3n que podr\u00e1 descargarse en el enlace: <a href=\"https:\/\/mivacuna.salud.gob.mx\/index.php\">https:\/\/mivacuna.salud.gob.mx\/index.php<\/a>.<\/p>\n\n\n\n<p>La dependencia federal invita a la poblaci\u00f3n a seguir las redes sociales oficiales en donde publicar\u00e1n la convocatoria que indica la sede, fecha y hora en la que deber\u00e1n acudir para recibir la primera o segunda dosis del biol\u00f3gico.<\/p>\n","protected":false},"excerpt":{"rendered":"<p>De acuerdo con informaci\u00f3n publicada por la Delegaci\u00f3n de Programas para el Bienestar Hidalgo, en 75 municipios de la entidad estar\u00e1n aplicando la primera y segunda dosis de la vacuna contra COVID-19 en ni\u00f1os menores de 5 a 11 a\u00f1os de edad. Cabe destacar que el biol\u00f3gico que ser\u00e1 administrado es de la farmac\u00e9utica Pfizer [&hellip;]<\/p>\n","protected":false},"author":73,"featured_media":242673,"comment_status":"closed","ping_status":"closed","sticky":false,"template":"","format":"standard","meta":{"footnotes":""},"categories":[15,59],"tags":[],"class_list":["post-242668","post","type-post","status-publish","format-standard","has-post-thumbnail","hentry","category-destacadas","category-general"],"_links":{"self":[{"href":"https:\/\/plazajuarez.mx\/historico\/wp-json\/wp\/v2\/posts\/242668","targetHints":{"allow":["GET"]}}],"collection":[{"href":"https:\/\/plazajuarez.mx\/historico\/wp-json\/wp\/v2\/posts"}],"about":[{"href":"https:\/\/plazajuarez.mx\/historico\/wp-json\/wp\/v2\/types\/post"}],"author":[{"embeddable":true,"href":"https:\/\/plazajuarez.mx\/historico\/wp-json\/wp\/v2\/users\/73"}],"replies":[{"embeddable":true,"href":"https:\/\/plazajuarez.mx\/historico\/wp-json\/wp\/v2\/comments?post=242668"}],"version-history":[{"count":0,"href":"https:\/\/plazajuarez.mx\/historico\/wp-json\/wp\/v2\/posts\/242668\/revisions"}],"wp:featuredmedia":[{"embeddable":true,"href":"https:\/\/plazajuarez.mx\/historico\/wp-json\/wp\/v2\/media\/242673"}],"wp:attachment":[{"href":"https:\/\/plazajuarez.mx\/historico\/wp-json\/wp\/v2\/media?parent=242668"}],"wp:term":[{"taxonomy":"category","embeddable":true,"href":"https:\/\/plazajuarez.mx\/historico\/wp-json\/wp\/v2\/categories?post=242668"},{"taxonomy":"post_tag","embeddable":true,"href":"https:\/\/plazajuarez.mx\/historico\/wp-json\/wp\/v2\/tags?post=242668"}],"curies":[{"name":"wp","href":"https:\/\/api.w.org\/{rel}","templated":true}]}}