{"id":242403,"date":"2022-12-17T08:09:00","date_gmt":"2022-12-17T14:09:00","guid":{"rendered":"https:\/\/plazajuarez.mx\/?p=242403"},"modified":"2022-12-17T10:21:35","modified_gmt":"2022-12-17T16:21:35","slug":"radio-y-television-de-hidalgo-se-une-a-la-celebracion-de-los-25-anos-del-teleton","status":"publish","type":"post","link":"https:\/\/plazajuarez.mx\/historico\/radio-y-television-de-hidalgo-se-une-a-la-celebracion-de-los-25-anos-del-teleton\/","title":{"rendered":"Radio y Televisi\u00f3n de Hidalgo se une a la celebraci\u00f3n de los 25 a\u00f1os del Telet\u00f3n"},"content":{"rendered":"\n<p>Radio y Televisi\u00f3n de Hidalgo se sum\u00f3 al fortalecimiento y celebraci\u00f3n por los primeros 25 a\u00f1os de servicio del Centro de Atenci\u00f3n e Inclusi\u00f3n Infantil Telet\u00f3n a nivel nacional y los 17 a\u00f1os en la entidad, en el que se brinda oportunidades para ni\u00f1as, ni\u00f1os y adolescentes.&nbsp;<\/p>\n\n\n\n<p>Durante una visita y recorrido a las instalaciones del CRIT del estado por parte del director general de Radio y Televisi\u00f3n de Hidalgo, Alan Austria Anaya, y el titular de esa instituci\u00f3n, Agust\u00edn Lagunas Oseguera.&nbsp;<\/p>\n\n\n\n<p>Por ello, la labor de un medio de comunicaci\u00f3n es trascendental para alcanzar una sociedad m\u00e1s incluyente y ayudar a la poblaci\u00f3n con discapacidad a desarrollar sus potenciales mediante terapias, atenci\u00f3n m\u00e9dica y mayor empat\u00eda, asegur\u00f3 Austria Anaya.<\/p>\n","protected":false},"excerpt":{"rendered":"<p>Radio y Televisi\u00f3n de Hidalgo se sum\u00f3 al fortalecimiento y celebraci\u00f3n por los primeros 25 a\u00f1os de servicio del Centro de Atenci\u00f3n e Inclusi\u00f3n Infantil Telet\u00f3n a nivel nacional y los 17 a\u00f1os en la entidad, en el que se brinda oportunidades para ni\u00f1as, ni\u00f1os y adolescentes.&nbsp; Durante una visita y recorrido a las instalaciones [&hellip;]<\/p>\n","protected":false},"author":93,"featured_media":242421,"comment_status":"closed","ping_status":"closed","sticky":false,"template":"","format":"standard","meta":{"footnotes":""},"categories":[15,59],"tags":[],"class_list":["post-242403","post","type-post","status-publish","format-standard","has-post-thumbnail","hentry","category-destacadas","category-general"],"_links":{"self":[{"href":"https:\/\/plazajuarez.mx\/historico\/wp-json\/wp\/v2\/posts\/242403","targetHints":{"allow":["GET"]}}],"collection":[{"href":"https:\/\/plazajuarez.mx\/historico\/wp-json\/wp\/v2\/posts"}],"about":[{"href":"https:\/\/plazajuarez.mx\/historico\/wp-json\/wp\/v2\/types\/post"}],"author":[{"embeddable":true,"href":"https:\/\/plazajuarez.mx\/historico\/wp-json\/wp\/v2\/users\/93"}],"replies":[{"embeddable":true,"href":"https:\/\/plazajuarez.mx\/historico\/wp-json\/wp\/v2\/comments?post=242403"}],"version-history":[{"count":0,"href":"https:\/\/plazajuarez.mx\/historico\/wp-json\/wp\/v2\/posts\/242403\/revisions"}],"wp:featuredmedia":[{"embeddable":true,"href":"https:\/\/plazajuarez.mx\/historico\/wp-json\/wp\/v2\/media\/242421"}],"wp:attachment":[{"href":"https:\/\/plazajuarez.mx\/historico\/wp-json\/wp\/v2\/media?parent=242403"}],"wp:term":[{"taxonomy":"category","embeddable":true,"href":"https:\/\/plazajuarez.mx\/historico\/wp-json\/wp\/v2\/categories?post=242403"},{"taxonomy":"post_tag","embeddable":true,"href":"https:\/\/plazajuarez.mx\/historico\/wp-json\/wp\/v2\/tags?post=242403"}],"curies":[{"name":"wp","href":"https:\/\/api.w.org\/{rel}","templated":true}]}}