{"id":242262,"date":"2022-12-16T07:44:00","date_gmt":"2022-12-16T13:44:00","guid":{"rendered":"https:\/\/plazajuarez.mx\/?p=242262"},"modified":"2022-12-16T09:05:24","modified_gmt":"2022-12-16T15:05:24","slug":"exhorta-dirigencia-a-enrique-cadena-para-que-afronte-a-la-justicia","status":"publish","type":"post","link":"https:\/\/plazajuarez.mx\/historico\/exhorta-dirigencia-a-enrique-cadena-para-que-afronte-a-la-justicia\/","title":{"rendered":"Exhorta dirigencia a Enrique Cadena para que afronte a la justicia"},"content":{"rendered":"\n<p>Marco Antonio Rico Mercado, dirigente estatal del partido Movimiento de Regeneraci\u00f3n Nacional (Morena) reiter\u00f3 que el partido no es c\u00f3mplice y asever\u00f3 que de ninguna forma est\u00e1 escondiendo al presidente removido del cargo Luis Enrique C. G., presuntamente relacionado con la denominada \u201cestafa siniestra\u201d.&nbsp;<\/p>\n\n\n\n<p>\u201cEl partido no lo est\u00e1 escondiendo, \u00e9l est\u00e1 procesado, investigado, amparado o pr\u00f3fugo, \u00e9l est\u00e1 siendo perseguido por ser probable responsable en la comisi\u00f3n de un delito\u201d, dijo y aprovech\u00f3 el momento para hacerle un llamado al morenista: \u201cle hago un llamado a Cadena para que enfrente este proceso y concluya, si es inocente como \u00e9l dice, que presente las pruebas o afronte las consecuencias de los actos\u201d.<\/p>\n\n\n\n<p>Por lo anterior, hasta que no se emita una sentencia en el caso, asegur\u00f3 que no se pueden fincar responsabilidades para ejercer alg\u00fan procedimiento al interior del partido, por lo que tendr\u00e1n que esperar a que se resuelva el asunto y ser\u00eda la Comisi\u00f3n de Honor y Justicia la que determine el proceder del partido en contra del alcalde en caso de resultar responsable.&nbsp;<\/p>\n\n\n\n<p>Por otra parte y en torno a los 100 d\u00edas de gobierno de Julio Menchaca Salazar, destac\u00f3: \u201cla agenda que est\u00e1 priorizando el gobernador tiene que ver con un estado de bienestar, con ataque a la corrupci\u00f3n; tiene que ver con primero el pueblo, mantenemos una alta expectativa esperanzadora de parte del gobernador y esto nos hace sentir orgullosos\u201d.<\/p>\n","protected":false},"excerpt":{"rendered":"<p>Marco Antonio Rico Mercado, dirigente estatal del partido Movimiento de Regeneraci\u00f3n Nacional (Morena) reiter\u00f3 que el partido no es c\u00f3mplice y asever\u00f3 que de ninguna forma est\u00e1 escondiendo al presidente removido del cargo Luis Enrique C. G., presuntamente relacionado con la denominada \u201cestafa siniestra\u201d.&nbsp; \u201cEl partido no lo est\u00e1 escondiendo, \u00e9l est\u00e1 procesado, investigado, amparado [&hellip;]<\/p>\n","protected":false},"author":72,"featured_media":242270,"comment_status":"closed","ping_status":"closed","sticky":false,"template":"","format":"standard","meta":{"footnotes":""},"categories":[15,59],"tags":[],"class_list":["post-242262","post","type-post","status-publish","format-standard","has-post-thumbnail","hentry","category-destacadas","category-general"],"_links":{"self":[{"href":"https:\/\/plazajuarez.mx\/historico\/wp-json\/wp\/v2\/posts\/242262","targetHints":{"allow":["GET"]}}],"collection":[{"href":"https:\/\/plazajuarez.mx\/historico\/wp-json\/wp\/v2\/posts"}],"about":[{"href":"https:\/\/plazajuarez.mx\/historico\/wp-json\/wp\/v2\/types\/post"}],"author":[{"embeddable":true,"href":"https:\/\/plazajuarez.mx\/historico\/wp-json\/wp\/v2\/users\/72"}],"replies":[{"embeddable":true,"href":"https:\/\/plazajuarez.mx\/historico\/wp-json\/wp\/v2\/comments?post=242262"}],"version-history":[{"count":0,"href":"https:\/\/plazajuarez.mx\/historico\/wp-json\/wp\/v2\/posts\/242262\/revisions"}],"wp:featuredmedia":[{"embeddable":true,"href":"https:\/\/plazajuarez.mx\/historico\/wp-json\/wp\/v2\/media\/242270"}],"wp:attachment":[{"href":"https:\/\/plazajuarez.mx\/historico\/wp-json\/wp\/v2\/media?parent=242262"}],"wp:term":[{"taxonomy":"category","embeddable":true,"href":"https:\/\/plazajuarez.mx\/historico\/wp-json\/wp\/v2\/categories?post=242262"},{"taxonomy":"post_tag","embeddable":true,"href":"https:\/\/plazajuarez.mx\/historico\/wp-json\/wp\/v2\/tags?post=242262"}],"curies":[{"name":"wp","href":"https:\/\/api.w.org\/{rel}","templated":true}]}}