{"id":242255,"date":"2022-12-16T07:41:00","date_gmt":"2022-12-16T13:41:00","guid":{"rendered":"https:\/\/plazajuarez.mx\/?p=242255"},"modified":"2022-12-16T09:06:06","modified_gmt":"2022-12-16T15:06:06","slug":"continua-busqueda-de-concesiones-para-radio","status":"publish","type":"post","link":"https:\/\/plazajuarez.mx\/historico\/continua-busqueda-de-concesiones-para-radio\/","title":{"rendered":"Contin\u00faa b\u00fasqueda de concesiones para radio"},"content":{"rendered":"\n<p class=\"wp-block-paragraph\">Alan Austria Anaya, director del Sistema de Radio y Televisi\u00f3n de Hidalgo, inform\u00f3 que contin\u00faa la b\u00fasqueda de concesiones de radio con el objetivo de recuperar un poco de todo lo perdido con las 11 que no pag\u00f3 la administraci\u00f3n anterior, por lo que enfatiz\u00f3 que en pr\u00f3ximos d\u00edas el Instituto Federal de Telecomunicaciones (IFT), deber\u00e1 dictaminar al respecto.&nbsp;<\/p>\n\n\n\n<p class=\"wp-block-paragraph\">\u201cEs prioridad, en todo el estado, lograr el mayor n\u00famero de concesiones posibles, ahora estamos en espera de par\u00e1metros de cuatro concesiones en tres municipios y de otras dos que estamos en concurrencia, de estas tenemos expectativas altas hemos hecho todo lo que tenemos en las manos\u201d, afirm\u00f3.<\/p>\n\n\n\n<p class=\"wp-block-paragraph\">En cuanto al tema de las radios que atend\u00edan a poblaci\u00f3n ind\u00edgena, se\u00f1al\u00f3 que se ha buscado mantener contacto con el Instituto Nacional de Pueblos Ind\u00edgenas (INPI) y el IFT a fin de ver qu\u00e9 se puede hacer al respecto ya que se debe atender con prioridad a estos sectores de la poblaci\u00f3n conforme a lo se\u00f1alado por el presidente Andr\u00e9s Manuel L\u00f3pez Obrador.<\/p>\n\n\n\n<p class=\"wp-block-paragraph\">Finalmente, destac\u00f3 que continuar\u00e1 el trabajo en torno a la recuperaci\u00f3n de estaciones y adelant\u00f3 que aunque parec\u00eda un tema menos complicado el buscar las radios comunitarias, no ha sido as\u00ed, ya que para estas uno de los lineamientos es que la radio no sea p\u00fablica ni privada.<\/p>\n","protected":false},"excerpt":{"rendered":"<p>Alan Austria Anaya, director del Sistema de Radio y Televisi\u00f3n de Hidalgo, inform\u00f3 que contin\u00faa la b\u00fasqueda de concesiones de radio con el objetivo de recuperar un poco de todo lo perdido con las 11 que no pag\u00f3 la administraci\u00f3n anterior, por lo que enfatiz\u00f3 que en pr\u00f3ximos d\u00edas el Instituto Federal de Telecomunicaciones (IFT), [&hellip;]<\/p>\n","protected":false},"author":72,"featured_media":242269,"comment_status":"closed","ping_status":"closed","sticky":false,"template":"","format":"standard","meta":{"footnotes":""},"categories":[15,59],"tags":[],"class_list":["post-242255","post","type-post","status-publish","format-standard","has-post-thumbnail","hentry","category-destacadas","category-general"],"_links":{"self":[{"href":"https:\/\/plazajuarez.mx\/historico\/wp-json\/wp\/v2\/posts\/242255","targetHints":{"allow":["GET"]}}],"collection":[{"href":"https:\/\/plazajuarez.mx\/historico\/wp-json\/wp\/v2\/posts"}],"about":[{"href":"https:\/\/plazajuarez.mx\/historico\/wp-json\/wp\/v2\/types\/post"}],"author":[{"embeddable":true,"href":"https:\/\/plazajuarez.mx\/historico\/wp-json\/wp\/v2\/users\/72"}],"replies":[{"embeddable":true,"href":"https:\/\/plazajuarez.mx\/historico\/wp-json\/wp\/v2\/comments?post=242255"}],"version-history":[{"count":0,"href":"https:\/\/plazajuarez.mx\/historico\/wp-json\/wp\/v2\/posts\/242255\/revisions"}],"wp:featuredmedia":[{"embeddable":true,"href":"https:\/\/plazajuarez.mx\/historico\/wp-json\/wp\/v2\/media\/242269"}],"wp:attachment":[{"href":"https:\/\/plazajuarez.mx\/historico\/wp-json\/wp\/v2\/media?parent=242255"}],"wp:term":[{"taxonomy":"category","embeddable":true,"href":"https:\/\/plazajuarez.mx\/historico\/wp-json\/wp\/v2\/categories?post=242255"},{"taxonomy":"post_tag","embeddable":true,"href":"https:\/\/plazajuarez.mx\/historico\/wp-json\/wp\/v2\/tags?post=242255"}],"curies":[{"name":"wp","href":"https:\/\/api.w.org\/{rel}","templated":true}]}}