{"id":242120,"date":"2022-12-15T07:03:00","date_gmt":"2022-12-15T13:03:00","guid":{"rendered":"https:\/\/plazajuarez.mx\/?p=242120"},"modified":"2022-12-15T09:10:16","modified_gmt":"2022-12-15T15:10:16","slug":"dese-por-enterado-1063","status":"publish","type":"post","link":"https:\/\/plazajuarez.mx\/historico\/dese-por-enterado-1063\/","title":{"rendered":"DESE POR ENTERADO"},"content":{"rendered":"\n<p><strong>\u00a1AY MAMACHITA, VAN EN SERIO!<\/strong> \u2013 Luego que vieron que el hombre de barba perfectamente cortada y cabello envaselinado hab\u00eda sido detenido, m\u00e1s de uno de los que se saben en la mira del gobierno de la 4T en Hidalgo, no pudieron sino exclamar: \u201c\u00a1Ay, mamachita, voy por mi amparo!\u201d. Y es que, le hicieron efectiva la advertencia al ex director de Radio y Televisi\u00f3n de Hidalgo, Cristian, hoy de apellidos \u201cD\u201d \u201cG\u201d, acusado del ejercicio indebido del servicio p\u00fablico, que con todo y lo poco concreta de la acusaci\u00f3n, por lo mientras ya lo tiene tras las rejas, y se antoja que estar\u00e1 ah\u00ed por un buen tiempo. Si usted lo observa, es el primero de una larga lista, que no pocos juraron y perjuraron que se iba a quedar en simple amenaza. Pero ya se ve que no, y por eso hoy el grito que se escucha por todos lados es: \u00a1AY, MAMACHITA!<\/p>\n\n\n\n<p>***<\/p>\n\n\n\n<p><strong>Y DESPACIO, QUE VOY DE PRISA<\/strong>. \u2013 Las investigaciones deben estar bien integradas, a algunos se les hac\u00eda tarde para que se giraran \u00f3rdenes de aprehensi\u00f3n a diestra y siniestra, bajo el entendido de que todo iba a ser un show, pero luego que vieron lo del ex de Radio y Televisi\u00f3n, han ca\u00eddo en la cuenta de que va en serio la guerra contra la corrupci\u00f3n bajo un precepto b\u00e1sico: o se hace bien o mejor no se hace nada. Porque chulo resultar\u00eda que, por las prisas de ofrecer cabezas en la picota, todas las investigaciones se cayeran. Sin embargo, la realidad, cruda para los que ir\u00e1n a parar al bote, es que al frente del gobierno est\u00e1 un hombre que ha sustentado su credibilidad en el ejercicio real de la justicia, sin fobias ni filias, simplemente con apego a la ley.<\/p>\n\n\n\n<p>***<\/p>\n\n\n\n<p><strong>\u00bfAHORA DAMI\u00c1N SOSA?<\/strong> \u2013 Pues s\u00ed, todo indica que <strong>Dami\u00e1n Sosa Castel\u00e1n<\/strong>, que busc\u00f3 hasta el \u00faltimo momento ser candidato de Morena el gobierno del estado de Hidalgo, ya es buscado por las autoridades luego de que le fuera girada una orden de aprehensi\u00f3n. Se habla que los delitos por los que se le acusa, son pr\u00e1cticamente los mismos que llevaron a su hermano al penal de Almoloya de Ju\u00e1rez, pero m\u00e1s all\u00e1 de lo anotado, habla de un rompimiento de plano definitivo con el gobierno federal, y por lo mismo dejan en muy mala situaci\u00f3n al delegado del Bienestar, <strong>Abraham Mendoza<\/strong>, que hizo mancuerna con Dami\u00e1n en la lucha por dejar fuera de la competencia al hoy gobernador, <strong>Menchaca<\/strong>.<\/p>\n\n\n\n<p>***<\/p>\n\n\n\n<p><strong>QUE JES\u00daS MART\u00cdNEZ, MUY OFENDIDO, SE VA A LLEVAR A SU EQUIPO.<\/strong> \u2013 Otra vez la burra al trigo, porque resulta que m\u00e1s que ofendido se siente el due\u00f1o del Club Pachuca, luego que fuera exhibido en la ma\u00f1anera de AMLO, y ya corri\u00f3 la versi\u00f3n de que se va a llevar su equipo a Le\u00f3n, donde seguro lo dejan apoderarse de cuanto terreno se le ocurra, exigir, exigir y exigir. Ya veremos si de buenas a primeras deja todo lo que le regalaron, que por supuesto le puede ser exigido regrese; si construye con su dinero su estadio, y deja de ganar dinero en el Hidalgo (al que le quer\u00edan poner \u201cHurac\u00e1n\u201d, los muy sinverg\u00fcenzas), por el que no pagan pr\u00e1cticamente nada. Y por supuesto, que deben aplicarle la ley, y obligar a que explique c\u00f3mo se le ocurri\u00f3 construir un restaurante en un terreno que no es de su propiedad, sino del gobierno, es decir de los ciudadanos. A ver, lo queremos ver si de veras muy digno el se\u00f1or.<\/p>\n\n\n\n<p>***<\/p>\n\n\n\n<p><strong>Aviso para que no digan: Esta columna se nutre de comentarios recabados por agencias del Recontra-Espionaje, muy similares a las que populariz\u00f3 el \u201cS\u00faper Agente 86\u201d en sus tiempos. Como tal lo que publicamos puede que sea cierto, puede que no, o todo lo contrario. Est\u00e1 usted en libertad de creer o no lo que lee, recontra-enojarse, recontra- carcajearse y hasta recontra-recordarnos a nuestra jefecita (nosotros recontra-haremos lo propio). Avisado est\u00e1 usted.&nbsp;<\/strong><\/p>\n\n\n\n<p><strong>desexenterado@gmail.com @desexenterado&nbsp;<\/strong><\/p>\n","protected":false},"excerpt":{"rendered":"<p>\u00a1AY MAMACHITA, VAN EN SERIO! \u2013 Luego que vieron que el hombre de barba perfectamente cortada y cabello envaselinado hab\u00eda sido detenido, m\u00e1s de uno de los que se saben en la mira del gobierno de la 4T en Hidalgo, no pudieron sino exclamar: \u201c\u00a1Ay, mamachita, voy por mi amparo!\u201d. Y es que, le hicieron [&hellip;]<\/p>\n","protected":false},"author":93,"featured_media":241760,"comment_status":"closed","ping_status":"closed","sticky":false,"template":"","format":"standard","meta":{"footnotes":""},"categories":[83],"tags":[],"class_list":["post-242120","post","type-post","status-publish","format-standard","has-post-thumbnail","hentry","category-dese-por-enterado"],"_links":{"self":[{"href":"https:\/\/plazajuarez.mx\/historico\/wp-json\/wp\/v2\/posts\/242120","targetHints":{"allow":["GET"]}}],"collection":[{"href":"https:\/\/plazajuarez.mx\/historico\/wp-json\/wp\/v2\/posts"}],"about":[{"href":"https:\/\/plazajuarez.mx\/historico\/wp-json\/wp\/v2\/types\/post"}],"author":[{"embeddable":true,"href":"https:\/\/plazajuarez.mx\/historico\/wp-json\/wp\/v2\/users\/93"}],"replies":[{"embeddable":true,"href":"https:\/\/plazajuarez.mx\/historico\/wp-json\/wp\/v2\/comments?post=242120"}],"version-history":[{"count":0,"href":"https:\/\/plazajuarez.mx\/historico\/wp-json\/wp\/v2\/posts\/242120\/revisions"}],"wp:featuredmedia":[{"embeddable":true,"href":"https:\/\/plazajuarez.mx\/historico\/wp-json\/wp\/v2\/media\/241760"}],"wp:attachment":[{"href":"https:\/\/plazajuarez.mx\/historico\/wp-json\/wp\/v2\/media?parent=242120"}],"wp:term":[{"taxonomy":"category","embeddable":true,"href":"https:\/\/plazajuarez.mx\/historico\/wp-json\/wp\/v2\/categories?post=242120"},{"taxonomy":"post_tag","embeddable":true,"href":"https:\/\/plazajuarez.mx\/historico\/wp-json\/wp\/v2\/tags?post=242120"}],"curies":[{"name":"wp","href":"https:\/\/api.w.org\/{rel}","templated":true}]}}