{"id":241776,"date":"2022-12-12T08:13:00","date_gmt":"2022-12-12T14:13:00","guid":{"rendered":"https:\/\/plazajuarez.mx\/?p=241776"},"modified":"2022-12-12T08:55:44","modified_gmt":"2022-12-12T14:55:44","slug":"lo-peor-esta-por-venir","status":"publish","type":"post","link":"https:\/\/plazajuarez.mx\/historico\/lo-peor-esta-por-venir\/","title":{"rendered":"\u00a1Lo peor est\u00e1 por venir!"},"content":{"rendered":"\n<h2 class=\"wp-block-heading\">PULSO DEL MEZQUITAL<\/h2>\n\n\n\n<p>Existen cosas que no valoramos, hasta que las perdemos. De acuerdo a la propuesta de reforma electoral del Gobernador, Julio Menchaca, el mundo ideal est\u00e1 por venir, al plantear la reelecci\u00f3n de presidentes municipales, donde m\u00e1s de un ciudadano ha fruncido el ce\u00f1o y ha provocado m\u00e1s de un levant\u00f3n de ceja, solo de imaginar que los municipios pudieran quedar otro periodo en manos de quienes hoy mandan en el pueblo.&nbsp;<\/p>\n\n\n\n<p>Mientras que a algunos les llueve, a otros les graniza. Y aunque no aplica para los actuales presidentes municipales sino a los que est\u00e1n por venir (puede usted estar tranquilo), quienes sus periodos se reducir\u00e1n a tres a\u00f1os, con la posibilidad de reelegirse por otro periodo m\u00e1s, para completar el sexenio.&nbsp;<\/p>\n\n\n\n<p>La cosa no pudo causar escozor entre los resentidazos sociales de no ser porque se plante\u00f3 que los alcaldes podr\u00e1n reelegirse, lo que significa que tienen un periodo de tres a\u00f1os, no para hacer un buen trabajo, sino para una campa\u00f1a permanente con recursos p\u00fablicos, de modo que les permita una supervivencia de un sexenio a consta del poder p\u00fablico.&nbsp;<\/p>\n\n\n\n<p>Y como pr\u00e1cticamente la reforma es una realidad, tendremos la oportunidad en un futuro breve, conocer a m\u00e1s de un presidente municipal cuando salga a su campa\u00f1a de reelecci\u00f3n con una frase tipo: \u201cse los juro, no les vuelvo a fallar\u201d y como saben que somos masoquistas, pues con eso van a ganar. Por aquello de que el pueblo ya despert\u00f3, qu\u00e9 jam\u00e1s lo vuelven a enga\u00f1ar, deben saber que si algo le gusta a los resentidos sociales, son a los redimidos y pues con una pizca de honestidad selectiva, f\u00e1cil dan su brazo a torcer.&nbsp;<\/p>\n\n\n\n<p>No es que antes hayan sido mejores los presidentes municipales, pero pocas veces hemos sido testigos de la degradaci\u00f3n pol\u00edtica, producto de la inmediatez y de la improvisaci\u00f3n, ahora podr\u00edamos ver a presidentes municipales manos largas, pugnando por la reelecci\u00f3n de su cargo por un periodo m\u00e1s, no para completar la meta de su gesti\u00f3n, sino para cumplir su expectativa personal de inflar su ego y sus bolsillos, eso claro est\u00e1.&nbsp;<\/p>\n\n\n\n<p>Es en serio, ya no puede uno tener dinero y gustos caros, porque enseguida salen los resentidos sociales a echarle a uno en cara, debido a la sospecha de que detr\u00e1s de ello, existen favores y compromisos por cumplir. Ahora que las fiestas navide\u00f1as est\u00e1n cerca, ya no puede uno ni relajarse, porque nunca faltan esos con manos de atole y medios de comunicaci\u00f3n chismosos, que sacan a relucir nuestras cuentas, solo para alentar el resentimiento colectivo.&nbsp;<\/p>\n\n\n\n<p>Resulta, que el presidente municipal de Mixquiahuala de Morena, Jos\u00e9 Ram\u00f3n Amieva, junto con un grupo de regidores, se autorizaron un bono de productividad (como si eso existiera), de centavos m\u00e1s, centavos menos, unos 54 mil pesos, equivalente a dos meses de sueldo, adem\u00e1s de su aguinaldo y salario, nom\u00e1s para consentirse y pasar estas fiestas en la plena relajaci\u00f3n.&nbsp;<\/p>\n\n\n\n<p>Aunque el alcalde ha guardado silencio, ya solo falta que salga a decir, que el bono es por su formidable trabajo, que de no ser por encarcelar chinos no sabr\u00edamos muchos de \u00e9l y a este paso, exigir\u00eda disculpas p\u00fablicas de todos los que lo han criticado y cuestionado, por consentirse de esta manera.&nbsp;<\/p>\n\n\n\n<p><strong>En corto:<\/strong><\/p>\n\n\n\n<ul class=\"wp-block-list\"><li>Tome sus previsiones, a partir de este fin de semana, las presidencias municipales tomar\u00e1n descanso por un par de semanas con motivo de las fiestas decembrinas.<\/li><\/ul>\n\n\n\n<p><strong>S\u00edganme en Twitter<\/strong><\/p>\n\n\n\n<p>@MarkoCabanas<\/p>\n","protected":false},"excerpt":{"rendered":"<p>PULSO DEL MEZQUITAL Existen cosas que no valoramos, hasta que las perdemos. De acuerdo a la propuesta de reforma electoral del Gobernador, Julio Menchaca, el mundo ideal est\u00e1 por venir, al plantear la reelecci\u00f3n de presidentes municipales, donde m\u00e1s de un ciudadano ha fruncido el ce\u00f1o y ha provocado m\u00e1s de un levant\u00f3n de ceja, [&hellip;]<\/p>\n","protected":false},"author":75,"featured_media":241758,"comment_status":"closed","ping_status":"closed","sticky":false,"template":"","format":"standard","meta":{"footnotes":""},"categories":[87,42],"tags":[],"class_list":["post-241776","post","type-post","status-publish","format-standard","has-post-thumbnail","hentry","category-marco-cabanas","category-nuestrapalabra"],"_links":{"self":[{"href":"https:\/\/plazajuarez.mx\/historico\/wp-json\/wp\/v2\/posts\/241776","targetHints":{"allow":["GET"]}}],"collection":[{"href":"https:\/\/plazajuarez.mx\/historico\/wp-json\/wp\/v2\/posts"}],"about":[{"href":"https:\/\/plazajuarez.mx\/historico\/wp-json\/wp\/v2\/types\/post"}],"author":[{"embeddable":true,"href":"https:\/\/plazajuarez.mx\/historico\/wp-json\/wp\/v2\/users\/75"}],"replies":[{"embeddable":true,"href":"https:\/\/plazajuarez.mx\/historico\/wp-json\/wp\/v2\/comments?post=241776"}],"version-history":[{"count":0,"href":"https:\/\/plazajuarez.mx\/historico\/wp-json\/wp\/v2\/posts\/241776\/revisions"}],"wp:featuredmedia":[{"embeddable":true,"href":"https:\/\/plazajuarez.mx\/historico\/wp-json\/wp\/v2\/media\/241758"}],"wp:attachment":[{"href":"https:\/\/plazajuarez.mx\/historico\/wp-json\/wp\/v2\/media?parent=241776"}],"wp:term":[{"taxonomy":"category","embeddable":true,"href":"https:\/\/plazajuarez.mx\/historico\/wp-json\/wp\/v2\/categories?post=241776"},{"taxonomy":"post_tag","embeddable":true,"href":"https:\/\/plazajuarez.mx\/historico\/wp-json\/wp\/v2\/tags?post=241776"}],"curies":[{"name":"wp","href":"https:\/\/api.w.org\/{rel}","templated":true}]}}