{"id":241710,"date":"2022-12-11T11:22:53","date_gmt":"2022-12-11T17:22:53","guid":{"rendered":"https:\/\/plazajuarez.mx\/?p=241710"},"modified":"2022-12-11T11:23:00","modified_gmt":"2022-12-11T17:23:00","slug":"cdmx_-3","status":"publish","type":"post","link":"https:\/\/plazajuarez.mx\/historico\/cdmx_-3\/","title":{"rendered":"No se reportan da\u00f1os tras sismo en CDMX: Sheinbaum"},"content":{"rendered":"\n<p>La jefa de Gobierno de la Ciudad de M\u00e9xico inform\u00f3 que no se registran da\u00f1os por el sismo que se registr\u00f3 la ma\u00f1ana de este domingo.<\/p>\n\n\n\n<p>Tambi\u00e9n se\u00f1al\u00f3 que la Secretar\u00eda de Seguridad Ciudadana no report\u00f3 da\u00f1os en la ciudad durante los sobrevuelos de los c\u00f3ndores.<\/p>\n\n\n\n<p>Esta ma\u00f1ana, la alerta s\u00edsmica son\u00f3 alrededor de las 8:32 horas, al registrarse un sismo magnitud 6 en la Costa Grande de Guerrero, en T\u00e9cpan, de acuerdo con la informaci\u00f3n del Sismol\u00f3gico Nacional.<\/p>\n","protected":false},"excerpt":{"rendered":"<p>La jefa de Gobierno de la Ciudad de M\u00e9xico inform\u00f3 que no se registran da\u00f1os por el sismo que se registr\u00f3 la ma\u00f1ana de este domingo. Tambi\u00e9n se\u00f1al\u00f3 que la Secretar\u00eda de Seguridad Ciudadana no report\u00f3 da\u00f1os en la ciudad durante los sobrevuelos de los c\u00f3ndores. Esta ma\u00f1ana, la alerta s\u00edsmica son\u00f3 alrededor de las [&hellip;]<\/p>\n","protected":false},"author":81,"featured_media":241720,"comment_status":"closed","ping_status":"closed","sticky":false,"template":"","format":"standard","meta":{"footnotes":""},"categories":[15,36,2160],"tags":[],"class_list":["post-241710","post","type-post","status-publish","format-standard","has-post-thumbnail","hentry","category-destacadas","category-nacion","category-noticias-de-la-ciudad-de-mexico"],"_links":{"self":[{"href":"https:\/\/plazajuarez.mx\/historico\/wp-json\/wp\/v2\/posts\/241710","targetHints":{"allow":["GET"]}}],"collection":[{"href":"https:\/\/plazajuarez.mx\/historico\/wp-json\/wp\/v2\/posts"}],"about":[{"href":"https:\/\/plazajuarez.mx\/historico\/wp-json\/wp\/v2\/types\/post"}],"author":[{"embeddable":true,"href":"https:\/\/plazajuarez.mx\/historico\/wp-json\/wp\/v2\/users\/81"}],"replies":[{"embeddable":true,"href":"https:\/\/plazajuarez.mx\/historico\/wp-json\/wp\/v2\/comments?post=241710"}],"version-history":[{"count":0,"href":"https:\/\/plazajuarez.mx\/historico\/wp-json\/wp\/v2\/posts\/241710\/revisions"}],"wp:featuredmedia":[{"embeddable":true,"href":"https:\/\/plazajuarez.mx\/historico\/wp-json\/wp\/v2\/media\/241720"}],"wp:attachment":[{"href":"https:\/\/plazajuarez.mx\/historico\/wp-json\/wp\/v2\/media?parent=241710"}],"wp:term":[{"taxonomy":"category","embeddable":true,"href":"https:\/\/plazajuarez.mx\/historico\/wp-json\/wp\/v2\/categories?post=241710"},{"taxonomy":"post_tag","embeddable":true,"href":"https:\/\/plazajuarez.mx\/historico\/wp-json\/wp\/v2\/tags?post=241710"}],"curies":[{"name":"wp","href":"https:\/\/api.w.org\/{rel}","templated":true}]}}