{"id":24155,"date":"2016-07-04T12:26:24","date_gmt":"2016-07-04T12:26:24","guid":{"rendered":"http:\/\/plazajuarez.mx\/index\/index.php\/2016\/07\/04\/ultimatum-y-radicalizacion-de-la-protesta\/"},"modified":"2016-07-04T12:26:24","modified_gmt":"2016-07-04T12:26:24","slug":"ultimatum-y-radicalizacion-de-la-protesta","status":"publish","type":"post","link":"https:\/\/plazajuarez.mx\/historico\/ultimatum-y-radicalizacion-de-la-protesta\/","title":{"rendered":"Ultim\u00e1tum y radicalizaci\u00f3n de la protesta"},"content":{"rendered":"<p style=\"text-align: justify;\">Ha crecido tanto la inconformidad social con los gobiernos que, a pesar de que la CNTE ha violado los marcos de la legalidad para desafiar abiertamente al Estado mexicano, el gobierno carece de un firme respaldo social para hacerle frente a este grupo de poder f\u00e1ctico<\/p>\n<p>  <!--more-->  <\/p>\n<p style=\"text-align: justify;\">La radicalizaci\u00f3n de la protesta de la CNTE y el ultim\u00e1tum lanzado por Osorio Chong son una muestra del fracaso de la mesa de negociaci\u00f3n que el gobierno federal abri\u00f3 hace apenas dos semanas, a ra\u00edz de los dram\u00e1ticos sucesos de Nochixtl\u00e1n. <br \/>La combinaci\u00f3n de la intensificaci\u00f3n de las marchas y bloqueos de la Coordinadora, que se han extendido m\u00e1s all\u00e1 de Oaxaca y Chiapas, para abarcar a Nuevo Le\u00f3n y Guerrero y el endurecimiento de la posici\u00f3n del gobierno federal est\u00e1n estrechando los m\u00e1rgenes de maniobra para encontrar una salida pac\u00edfica al conflicto. <br \/>\u00bfPor qu\u00e9 llegamos a este punto de polarizaci\u00f3n e inflexibilidad? Distintas voces, que van desde la CNDH hasta organizaciones sociales y ciudadanos, claman por la negociaci\u00f3n, pero hay varios problemas que la dificultan. <br \/>Es un lugar com\u00fan afirmar que la negociaci\u00f3n es el mecanismo pol\u00edtico por excelencia para resolver los conflictos sociales, para aislar a las posiciones extremas, para tender puentes de entendimiento. Pero, para que \u00e9sta prospere es necesario que exista voluntad pol\u00edtica de cada una de las partes y que se dise\u00f1en f\u00f3rmulas que hagan posible arribar a acuerdos viables y eficaces. <br \/>Si consideramos, en primer lugar, que la protesta del magisterio que se opone a la reforma educativa tiene una expresi\u00f3n local, ese \u00e1mbito de la vida p\u00fablica deber\u00eda ser el primer escal\u00f3n para la negociaci\u00f3n, dejando como reserva la alternativa de recurrir a la esfera federal. Sin embargo, desde hace tiempo la dimensi\u00f3n estatal de la negociaci\u00f3n est\u00e1 agotada porque los gobernadores, y no s\u00f3lo Gabino Cu\u00e9 que est\u00e1 de salida, carecen de la fuerza y legitimidad para erigirse en interlocutores eficaces. Es cierto que la CNTE ha escalado los medios y los territorios del enfrentamiento, pero hay actores federales que buscan ocupar sitios estelares en el conflicto, en funci\u00f3n de sus propias ambiciones pol\u00edticas, lo cual lejos de fortalecer su capacidad de di\u00e1logo, la hace m\u00e1s vulnerable. <br \/>Ha crecido tanto la inconformidad social con los gobiernos que, a pesar de que la CNTE ha violado los marcos de la legalidad para desafiar abiertamente al Estado mexicano, el gobierno carece de un firme respaldo social para hacerle frente a este grupo de poder f\u00e1ctico. La Coordinadora se crece ante la amenaza de que se termin\u00f3 el tiempo del di\u00e1logo y cada vez se muestra m\u00e1s provocadora, en buena medida porque tiene capacidad de convocar a grupos descontentos. Entre tanto, el gobierno federal aparece acorralado y solitario, con escasos recursos pol\u00edticos para convencer no s\u00f3lo a su interlocutor directo, sino a la opini\u00f3n p\u00fablica en general. En este contexto, \u00bfd\u00f3nde est\u00e1n los partidos pol\u00edticos? <br \/>Con excepci\u00f3n de Morena, que abiertamente apoya al magisterio en rebeld\u00eda, los principales partidos pol\u00edticos se han mantenido al margen, sin hacer pronunciamientos contundentes sobre el conflicto y sin ofrecer su mediaci\u00f3n para encontrar salidas. Claro que su bajo nivel de credibilidad no ayuda para desplegar una oferta seria de interlocuci\u00f3n. Se les ve ensimismados, volcados sobre sus din\u00e1micas internas, incapaces de incidir en los problemas externos. Se olvidan que son actores institucionales y que tienen responsabilidad en la preservaci\u00f3n de la paz social. Por ello, es bienvenida la decisi\u00f3n de un grupo de senadores de trasladarse a Nochixtl\u00e1n para indagar por s\u00ed mismos c\u00f3mo sucedi\u00f3 el enfrentamiento de hace 15 d\u00edas, ya que sigue sin aclararse qui\u00e9nes fueron los responsables. <br \/>Recurrir a la fuerza p\u00fablica para desalojar a los maestros y restablecer el tr\u00e1nsito de personas y productos a que tienen derecho los oaxaque\u00f1os y chiapanecos no es suficiente para distender el ambiente de confrontaci\u00f3n, ni para resolver el conflicto. Habr\u00e1 que seguir apostando a la negociaci\u00f3n para encontrar una salida de largo alcance. <br \/>peschardjacqueline@gmail.com \u00a0\u00a0\u00a0 \u00a0\u00a0\u00a0 <\/p>\n","protected":false},"excerpt":{"rendered":"<p>Ha crecido tanto la inconformidad social con los gobiernos que, a pesar de que la CNTE ha violado los marcos de la legalidad para desafiar abiertamente al Estado mexicano, el gobierno carece de un firme respaldo social para hacerle frente a este grupo de poder f\u00e1ctico<\/p>\n","protected":false},"author":93,"featured_media":0,"comment_status":"open","ping_status":"open","sticky":false,"template":"","format":"standard","meta":{"footnotes":""},"categories":[42],"tags":[],"class_list":["post-24155","post","type-post","status-publish","format-standard","hentry","category-nuestrapalabra"],"_links":{"self":[{"href":"https:\/\/plazajuarez.mx\/historico\/wp-json\/wp\/v2\/posts\/24155","targetHints":{"allow":["GET"]}}],"collection":[{"href":"https:\/\/plazajuarez.mx\/historico\/wp-json\/wp\/v2\/posts"}],"about":[{"href":"https:\/\/plazajuarez.mx\/historico\/wp-json\/wp\/v2\/types\/post"}],"author":[{"embeddable":true,"href":"https:\/\/plazajuarez.mx\/historico\/wp-json\/wp\/v2\/users\/93"}],"replies":[{"embeddable":true,"href":"https:\/\/plazajuarez.mx\/historico\/wp-json\/wp\/v2\/comments?post=24155"}],"version-history":[{"count":0,"href":"https:\/\/plazajuarez.mx\/historico\/wp-json\/wp\/v2\/posts\/24155\/revisions"}],"wp:attachment":[{"href":"https:\/\/plazajuarez.mx\/historico\/wp-json\/wp\/v2\/media?parent=24155"}],"wp:term":[{"taxonomy":"category","embeddable":true,"href":"https:\/\/plazajuarez.mx\/historico\/wp-json\/wp\/v2\/categories?post=24155"},{"taxonomy":"post_tag","embeddable":true,"href":"https:\/\/plazajuarez.mx\/historico\/wp-json\/wp\/v2\/tags?post=24155"}],"curies":[{"name":"wp","href":"https:\/\/api.w.org\/{rel}","templated":true}]}}